{"id":9932,"date":"2023-06-14T10:00:13","date_gmt":"2023-06-14T08:00:13","guid":{"rendered":"https:\/\/www.anovapeneira.gal\/?p=9932"},"modified":"2023-06-12T10:00:48","modified_gmt":"2023-06-12T08:00:48","slug":"virginia-rincon-nova-presidenta-do-club-deportivo-choco-de-redondela-e-rosana-gonzalez-nova-tesoureira","status":"publish","type":"post","link":"https:\/\/www.anovapeneira.gal\/index.php\/2023\/06\/14\/virginia-rincon-nova-presidenta-do-club-deportivo-choco-de-redondela-e-rosana-gonzalez-nova-tesoureira\/","title":{"rendered":"Virginia Rinc\u00f3n nova presidenta do Club Deportivo Choco de Redondela e Rosana Gonz\u00e1lez, nova tesoureira"},"content":{"rendered":"\n<pre class=\"wp-block-verse\"><strong>Marcos Santos.<\/strong><\/pre>\n\n\n\n<p><strong>Virginia \u00e9 unha madrile\u00f1a redondel\u00e1 que ven de ser escollida nova presidenta do Choco. E n\u00f3s non podemos deixar de amosar a nosa alegr\u00eda por este feito, e por todos aqueles que contrib\u00faan a facer normal que a muller acceda aos postos de responsabilidade que a estrutura patriarcal da humanidade ti\u00f1a reservados aos homes. Falamos con ela e con Rosana, a nova tesoureira.<\/strong><\/p>\n\n\n\n<h2 class=\"wp-block-heading\">\u201c <strong>Queremos que a xente volva gozar co xogo do Choco no campo\u201d<\/strong><\/h2>\n\n\n\n<p><strong>Presidenta: queremos co\u00f1ecerte un pouco m\u00e1is?<\/strong><\/p>\n\n\n\n<p>Virginia: Eu son madrile\u00f1a do barrio de Vallecas e levo vivindo en Redondela 12 anos. Tento falar galego e g\u00fastame facelo. A mi\u00f1a familia paterna \u00e9 galega, de Pazos de Borb\u00e9n, cando quedei vi\u00fava cos meus fillos pequenos, decid\u00edn deixar a gran cidade e virme a vivir a Redondela. Decisi\u00f3n moi acertada, que non cambiamos, nin os meus fillos nin eu.<\/p>\n\n\n\n<p>Son unha persoa apaixonada por todos os deportes, pero moito m\u00e1is polo f\u00fatbol. Por iso tomei a decisi\u00f3n de propo\u00f1erme dirixir este proxecto.<\/p>\n\n\n\n<p><strong>Creo que tes o coraz\u00f3n dividido ent\u00f3n. Tes a unha filla xogando no SAR balonm\u00e1n e outro fillo co Choco, non?<\/strong><\/p>\n\n\n\n<p>Si. Non co\u00f1ec\u00eda o balonm\u00e1n ata que cheguei aqu\u00ed a Redondela e fal\u00e1ronme del. Tanto homes, mulleres, grandes e pequenos x\u00f3gano. Co\u00f1eceuno a mi\u00f1a filla e aos 15 anos a\u00ed segue, unha apaixonada do balonm\u00e1n e eu tam\u00e9n. O meu fillo empezou de pequeno no Casa Paco de f\u00fatbol sala e tam\u00e9n no Choco. E a d\u00eda de hoxe segue xogando ao f\u00fatbol no Choco.<\/p>\n\n\n\n<p><strong>Rosana ti es de Redondela de sempre, non?<\/strong><\/p>\n\n\n\n<p>Si. O meu pai xa foi directivo do Choco. Eu lembro a mi\u00f1a infancia neste campo de f\u00fatbol e t\u00e9\u00f1oo no coraz\u00f3n desde sempre. Son unha apaixonada do f\u00fatbol. Ao pai do meu fillo co\u00f1ecino aqu\u00ed, neste equipo, era xogador e o meu fillo agora \u00e9 xogador tam\u00e9n.<\/p>\n\n\n\n<p><strong>Como xorde a idea de facer esta candidatura?<\/strong><\/p>\n\n\n\n<p>Isto foi unha decisi\u00f3n tomada nunha fin de semana. Decat\u00e1monos de que se postulaba unha candidatura na que \u00e1 maior\u00eda dos e das integrantes non os co\u00f1eciamos, non son de Redondela. O m\u00e1is chocante era que a persoa que \u00eda de n\u00famero un \u00e9 traballadora do equipo, con soldo pago polo equipo. Decidimos facer unha impugnaci\u00f3n porque isto \u00eda en contra dos estatutos do Choco, e consideramos dar \u00e1 afecci\u00f3n outra alternativa e presentar a nosa candidatura.<\/p>\n\n\n\n<p><strong>Ent\u00f3n, esa Asemblea foi tensa?<\/strong><\/p>\n\n\n\n<p>Si. Hab\u00eda discrepancias entre esa candidatura e os socios e socias que non estabamos de acordo. Ao final botouse abaixo por defecto de forma . A outra opci\u00f3n que puxemos na mesa foi que esa persoa traballadora renunciase ao seu emprego e soldo para poder postularse como presidenta do equipo.<\/p>\n\n\n\n<p><strong>As redes sociais son necesarias neste equipo?<\/strong><\/p>\n\n\n\n<p>As redes sociais son necesarias e importantes, tam\u00e9n \u00e9 verdade que calquera socio ou socia pode manexarse neste aspecto e subir unha foto ou publicar contido nas redes sociais do equipo. Desde aqu\u00ed animamos a que se volvan encher as bancadas dos nosos equipos, que isto nos \u00faltimos anos est\u00e1 en decadencia e hai moitos ocos baleiros nelas.<\/p>\n\n\n\n<p>Queremos que o Choco volva ser de Redondela, que a xente volva gozar do Choco Redondela e goce co xogo no campo.<\/p>\n\n\n\n<p><strong>\u00c1 parte da vosa candidatura houbo outra m\u00e1is que se postulaba como favorita nas redes sociais 48 horas antes das votaci\u00f3ns. Que fixestes para reverter esta situaci\u00f3n, pois o resultado final foi 181-44.<\/strong><\/p>\n\n\n\n<p>O que fixemos foi subir a nosa candidatura nas nosas redes sociais persoais, e isto fixo que chegase a moita xente de Redondela que nos deu o seu apoio.<\/p>\n\n\n\n<p><strong>A vosa candidatura foi r\u00e9cord en votos, verdade?<\/strong><\/p>\n\n\n\n<p>E \u00e9 a primeira vez que hai tanta asistencia en asemblea. Temos que dar as grazas polo apoio recibido tanto en votos como nas redes sociais.<\/p>\n\n\n\n<p><strong>Agora imos falar da mala noticia do descenso do primeiro equipo a Preferente. Que tedes pensado facer para que cambie esta situaci\u00f3n?<\/strong><\/p>\n\n\n\n<p>Estamos a esperar o traspaso de poderes da anterior directiva para poder po\u00f1ernos a traballar cos orzamentos. O que si fixemos foi trasladarlle ao persoal tranquilidade, que saiban que hai estabilidade. Temos conversaci\u00f3ns con alg\u00fan adestrador para poder traelo e estamos a traballar niso.<\/p>\n\n\n\n<p><strong>Ides dar prioridade \u00e1 canteira?<\/strong><\/p>\n\n\n\n<p>Esa \u00e9 a nosa idea, que a base do equipo sexa de Redondela, recuperar tam\u00e9n a alg\u00fan xogador que xa non est\u00e1 no equipo.<\/p>\n\n\n\n<p><strong>Si temos a boa noticia de que o Xuvenil B foi campi\u00f3n de Liga, pero por algunhas malas decisi\u00f3ns arbitrais non chegou a xogar a fase de ascenso.<\/strong><\/p>\n\n\n\n<p>\u00c9 unha pena e moi inxusto que un equipo que ga\u00f1e a liga non estea premiado co ascenso directo. Isto \u00e9 un erro que creo que deber\u00eda de corrixir a Federaci\u00f3n para pr\u00f3ximas tempadas.<\/p>\n\n\n\n<p><strong>Vai facer algo na Directiva do Choco coa Federaci\u00f3n para que isto sexa posible?<\/strong><\/p>\n\n\n\n<p>Si, xa o trasladamos \u00e1 Federaci\u00f3n e est\u00e1n de acordo con estudalo.<\/p>\n\n\n\n<p><strong>Outra boa noticia \u00e9 que temos ao Xuvenil A en Divisi\u00f3n de Honra e cun broche final apote\u00f3sico cun resultado 11-0, non?<\/strong><\/p>\n\n\n\n<p>Si, a base deste equipo \u00e9 de aqu\u00ed, de Redondela, do Choco de sempre e amigos de colexio e Instituto. \u00c9 un orgullo ter unha canteira as\u00ed de potente e isto \u00e9 o que queremos potenciar desde esta directiva.<\/p>\n\n\n\n<p>Todos os adestradores de base desde Benxam\u00edn ata Xuvenil son moi v\u00e1lidos e isto \u00e9 darlle un valor engadido \u00e1 canteira de Choco.<\/p>\n\n\n\n<p><strong>A marxe do primeiro equipo, cantos xogadores pensades que poderedes ter na tempada que v\u00e9n en categor\u00edas inferiores?<\/strong><\/p>\n\n\n\n<p>Agora estamos en algo m\u00e1is de 300 licenzas e esperamos ampliar estas cifras a tempada que v\u00e9n.<\/p>\n\n\n\n<p>Todos os nenos que queiran xogar no Choco te\u00f1en as portas abertas e o equipo \u00e1 s\u00faa disposici\u00f3n para poder gozar deste deporte.<\/p>\n\n\n\n<p><strong>Tesoureira. Como est\u00e1n as contas do choco, est\u00e1n saneadas?<\/strong><\/p>\n\n\n\n<p>A\u00ednda non dispo\u00f1o desta informaci\u00f3n porque o traspaso de poderes non est\u00e1 feito, pero a tranquilidade que nos d\u00e1 Iv\u00e1n \u00e9 que est\u00e1 todo ben, as contas est\u00e1n saneadas e hai orzamento.<\/p>\n\n\n\n<p>Non o po\u00f1o en d\u00fabida, creo que Iv\u00e1n e o seu grupo directivo foi o mellor presidente que tivo este equipo ata o de agora, deixaron o list\u00f3n moi alto e fixeron un labor encomiable.<\/p>\n\n\n\n<p><strong>Como vai ser a relaci\u00f3n cos \u00fanicos siareiros que tedes, que son os chocoslovacos?<\/strong><\/p>\n\n\n\n<p>Eu son chocoslovaca. Risas&#8230;<\/p>\n\n\n\n<p>Esta \u00e9 a \u00fanica Pe\u00f1a reco\u00f1ecida que ten o equipo e, por suposto imos ter lazos estreitos entre ambos para colaborar por animar ao Choco.<\/p>\n\n\n\n<p><strong>A \u00faltima pregunta, Choco, en galego?<\/strong><\/p>\n\n\n\n<p>Choco, en galego.<\/p>\n","protected":false},"excerpt":{"rendered":"<div class=\"mh-excerpt\"><p>Virginia \u00e9 unha madrile\u00f1a redondel\u00e1 que ven de ser escollida nova presidenta do Choco. E n\u00f3s non podemos deixar de amosar a nosa alegr\u00eda por este feito, e por todos aqueles que contrib\u00faan a facer normal que a muller acceda aos postos de responsabilidade que a estrutura patriarcal da humanidade ti\u00f1a reservados aos homes. Falamos con ela e con Rosana, a nova tesoureira. <a class=\"mh-excerpt-more\" href=\"https:\/\/www.anovapeneira.gal\/index.php\/2023\/06\/14\/virginia-rincon-nova-presidenta-do-club-deportivo-choco-de-redondela-e-rosana-gonzalez-nova-tesoureira\/\" title=\"Virginia Rinc\u00f3n nova presidenta do Club Deportivo Choco de Redondela e Rosana Gonz\u00e1lez, nova tesoureira\">[&#8230;]<\/a><\/p>\n<\/div>","protected":false},"author":6,"featured_media":9934,"comment_status":"open","ping_status":"open","sticky":false,"template":"","format":"standard","meta":{"_exactmetrics_skip_tracking":false,"_exactmetrics_sitenote_active":false,"_exactmetrics_sitenote_note":"","_exactmetrics_sitenote_category":0,"footnotes":""},"categories":[270],"tags":[171],"class_list":{"0":"post-9932","1":"post","2":"type-post","3":"status-publish","4":"format-standard","5":"has-post-thumbnail","7":"category-redondela-entrevistas","8":"tag-concello-de-redondela"},"yoast_head":"<!-- This site is optimized with the Yoast SEO plugin v27.4 - https:\/\/yoast.com\/product\/yoast-seo-wordpress\/ -->\n<title>Virginia Rinc\u00f3n nova presidenta do Club Deportivo Choco de Redondela e Rosana Gonz\u00e1lez, nova tesoureira -<\/title>\n<meta name=\"description\" content=\"Virginia \u00e9 unha madrile\u00f1a redondel\u00e1 que ven de ser escollida nova presidenta do Choco. E n\u00f3s non podemos deixar de amosar a nosa alegr\u00eda por este feito, e por todos aqueles que contrib\u00faan a facer normal que a muller acceda aos postos de responsabilidade que a estrutura patriarcal da humanidade ti\u00f1a reservados aos homes. Falamos con ela e con Rosana, a nova tesoureira.\" \/>\n<meta name=\"robots\" content=\"index, follow, max-snippet:-1, max-image-preview:large, max-video-preview:-1\" \/>\n<link rel=\"canonical\" href=\"https:\/\/www.anovapeneira.gal\/index.php\/2023\/06\/14\/virginia-rincon-nova-presidenta-do-club-deportivo-choco-de-redondela-e-rosana-gonzalez-nova-tesoureira\/\" \/>\n<meta property=\"og:locale\" content=\"gl_ES\" \/>\n<meta property=\"og:type\" content=\"article\" \/>\n<meta property=\"og:title\" content=\"Virginia Rinc\u00f3n nova presidenta do Club Deportivo Choco de Redondela e Rosana Gonz\u00e1lez, nova tesoureira -\" \/>\n<meta property=\"og:description\" content=\"Virginia \u00e9 unha madrile\u00f1a redondel\u00e1 que ven de ser escollida nova presidenta do Choco. E n\u00f3s non podemos deixar de amosar a nosa alegr\u00eda por este feito, e por todos aqueles que contrib\u00faan a facer normal que a muller acceda aos postos de responsabilidade que a estrutura patriarcal da humanidade ti\u00f1a reservados aos homes. Falamos con ela e con Rosana, a nova tesoureira.\" \/>\n<meta property=\"og:url\" content=\"https:\/\/www.anovapeneira.gal\/index.php\/2023\/06\/14\/virginia-rincon-nova-presidenta-do-club-deportivo-choco-de-redondela-e-rosana-gonzalez-nova-tesoureira\/\" \/>\n<meta property=\"article:publisher\" content=\"https:\/\/www.facebook.com\/anovapeneira\" \/>\n<meta property=\"article:published_time\" content=\"2023-06-14T08:00:13+00:00\" \/>\n<meta property=\"og:image\" content=\"https:\/\/www.anovapeneira.gal\/wp-content\/uploads\/2023\/06\/presidenta_choco.jpg\" \/>\n\t<meta property=\"og:image:width\" content=\"720\" \/>\n\t<meta property=\"og:image:height\" content=\"432\" \/>\n\t<meta property=\"og:image:type\" content=\"image\/jpeg\" \/>\n<meta name=\"author\" content=\"Marcos Santos\" \/>\n<meta name=\"twitter:card\" content=\"summary_large_image\" \/>\n<meta name=\"twitter:creator\" content=\"@APeneira\" \/>\n<meta name=\"twitter:site\" content=\"@APeneira\" \/>\n<meta name=\"twitter:label1\" content=\"Escrito por\" \/>\n\t<meta name=\"twitter:data1\" content=\"Marcos Santos\" \/>\n\t<meta name=\"twitter:label2\" content=\"Tempo de lectura\" \/>\n\t<meta name=\"twitter:data2\" content=\"6 minutos\" \/>\n<script type=\"application\/ld+json\" class=\"yoast-schema-graph\">{\"@context\":\"https:\\\/\\\/schema.org\",\"@graph\":[{\"@type\":\"Article\",\"@id\":\"https:\\\/\\\/www.anovapeneira.gal\\\/index.php\\\/2023\\\/06\\\/14\\\/virginia-rincon-nova-presidenta-do-club-deportivo-choco-de-redondela-e-rosana-gonzalez-nova-tesoureira\\\/#article\",\"isPartOf\":{\"@id\":\"https:\\\/\\\/www.anovapeneira.gal\\\/index.php\\\/2023\\\/06\\\/14\\\/virginia-rincon-nova-presidenta-do-club-deportivo-choco-de-redondela-e-rosana-gonzalez-nova-tesoureira\\\/\"},\"author\":{\"name\":\"Marcos Santos\",\"@id\":\"https:\\\/\\\/www.anovapeneira.gal\\\/#\\\/schema\\\/person\\\/d9d84823564720e7593293bab054e52d\"},\"headline\":\"Virginia Rinc\u00f3n nova presidenta do Club Deportivo Choco de Redondela e Rosana Gonz\u00e1lez, nova tesoureira\",\"datePublished\":\"2023-06-14T08:00:13+00:00\",\"mainEntityOfPage\":{\"@id\":\"https:\\\/\\\/www.anovapeneira.gal\\\/index.php\\\/2023\\\/06\\\/14\\\/virginia-rincon-nova-presidenta-do-club-deportivo-choco-de-redondela-e-rosana-gonzalez-nova-tesoureira\\\/\"},\"wordCount\":1169,\"commentCount\":0,\"publisher\":{\"@id\":\"https:\\\/\\\/www.anovapeneira.gal\\\/#organization\"},\"image\":{\"@id\":\"https:\\\/\\\/www.anovapeneira.gal\\\/index.php\\\/2023\\\/06\\\/14\\\/virginia-rincon-nova-presidenta-do-club-deportivo-choco-de-redondela-e-rosana-gonzalez-nova-tesoureira\\\/#primaryimage\"},\"thumbnailUrl\":\"https:\\\/\\\/www.anovapeneira.gal\\\/wp-content\\\/uploads\\\/2023\\\/06\\\/presidenta_choco.jpg\",\"keywords\":[\"Concello de Redondela\"],\"articleSection\":[\"Redondela\"],\"inLanguage\":\"gl-ES\",\"potentialAction\":[{\"@type\":\"CommentAction\",\"name\":\"Comment\",\"target\":[\"https:\\\/\\\/www.anovapeneira.gal\\\/index.php\\\/2023\\\/06\\\/14\\\/virginia-rincon-nova-presidenta-do-club-deportivo-choco-de-redondela-e-rosana-gonzalez-nova-tesoureira\\\/#respond\"]}]},{\"@type\":\"WebPage\",\"@id\":\"https:\\\/\\\/www.anovapeneira.gal\\\/index.php\\\/2023\\\/06\\\/14\\\/virginia-rincon-nova-presidenta-do-club-deportivo-choco-de-redondela-e-rosana-gonzalez-nova-tesoureira\\\/\",\"url\":\"https:\\\/\\\/www.anovapeneira.gal\\\/index.php\\\/2023\\\/06\\\/14\\\/virginia-rincon-nova-presidenta-do-club-deportivo-choco-de-redondela-e-rosana-gonzalez-nova-tesoureira\\\/\",\"name\":\"Virginia Rinc\u00f3n nova presidenta do Club Deportivo Choco de Redondela e Rosana Gonz\u00e1lez, nova tesoureira -\",\"isPartOf\":{\"@id\":\"https:\\\/\\\/www.anovapeneira.gal\\\/#website\"},\"primaryImageOfPage\":{\"@id\":\"https:\\\/\\\/www.anovapeneira.gal\\\/index.php\\\/2023\\\/06\\\/14\\\/virginia-rincon-nova-presidenta-do-club-deportivo-choco-de-redondela-e-rosana-gonzalez-nova-tesoureira\\\/#primaryimage\"},\"image\":{\"@id\":\"https:\\\/\\\/www.anovapeneira.gal\\\/index.php\\\/2023\\\/06\\\/14\\\/virginia-rincon-nova-presidenta-do-club-deportivo-choco-de-redondela-e-rosana-gonzalez-nova-tesoureira\\\/#primaryimage\"},\"thumbnailUrl\":\"https:\\\/\\\/www.anovapeneira.gal\\\/wp-content\\\/uploads\\\/2023\\\/06\\\/presidenta_choco.jpg\",\"datePublished\":\"2023-06-14T08:00:13+00:00\",\"description\":\"Virginia \u00e9 unha madrile\u00f1a redondel\u00e1 que ven de ser escollida nova presidenta do Choco. E n\u00f3s non podemos deixar de amosar a nosa alegr\u00eda por este feito, e por todos aqueles que contrib\u00faan a facer normal que a muller acceda aos postos de responsabilidade que a estrutura patriarcal da humanidade ti\u00f1a reservados aos homes. Falamos con ela e con Rosana, a nova tesoureira.\",\"breadcrumb\":{\"@id\":\"https:\\\/\\\/www.anovapeneira.gal\\\/index.php\\\/2023\\\/06\\\/14\\\/virginia-rincon-nova-presidenta-do-club-deportivo-choco-de-redondela-e-rosana-gonzalez-nova-tesoureira\\\/#breadcrumb\"},\"inLanguage\":\"gl-ES\",\"potentialAction\":[{\"@type\":\"ReadAction\",\"target\":[\"https:\\\/\\\/www.anovapeneira.gal\\\/index.php\\\/2023\\\/06\\\/14\\\/virginia-rincon-nova-presidenta-do-club-deportivo-choco-de-redondela-e-rosana-gonzalez-nova-tesoureira\\\/\"]}]},{\"@type\":\"ImageObject\",\"inLanguage\":\"gl-ES\",\"@id\":\"https:\\\/\\\/www.anovapeneira.gal\\\/index.php\\\/2023\\\/06\\\/14\\\/virginia-rincon-nova-presidenta-do-club-deportivo-choco-de-redondela-e-rosana-gonzalez-nova-tesoureira\\\/#primaryimage\",\"url\":\"https:\\\/\\\/www.anovapeneira.gal\\\/wp-content\\\/uploads\\\/2023\\\/06\\\/presidenta_choco.jpg\",\"contentUrl\":\"https:\\\/\\\/www.anovapeneira.gal\\\/wp-content\\\/uploads\\\/2023\\\/06\\\/presidenta_choco.jpg\",\"width\":720,\"height\":432,\"caption\":\"Virginia Rinc\u00f3n nova presidenta do Club Deportivo Choco de Redondela e Rosana Gonz\u00e1lez, nova tesoureira\"},{\"@type\":\"BreadcrumbList\",\"@id\":\"https:\\\/\\\/www.anovapeneira.gal\\\/index.php\\\/2023\\\/06\\\/14\\\/virginia-rincon-nova-presidenta-do-club-deportivo-choco-de-redondela-e-rosana-gonzalez-nova-tesoureira\\\/#breadcrumb\",\"itemListElement\":[{\"@type\":\"ListItem\",\"position\":1,\"name\":\"Portada\",\"item\":\"https:\\\/\\\/www.anovapeneira.gal\\\/\"},{\"@type\":\"ListItem\",\"position\":2,\"name\":\"Virginia Rinc\u00f3n nova presidenta do Club Deportivo Choco de Redondela e Rosana Gonz\u00e1lez, nova tesoureira\"}]},{\"@type\":\"WebSite\",\"@id\":\"https:\\\/\\\/www.anovapeneira.gal\\\/#website\",\"url\":\"https:\\\/\\\/www.anovapeneira.gal\\\/\",\"name\":\"\",\"description\":\"Xornal galego de informaci\u00f3n xeral Publicaci\u00f3n mensual de novas de Galicia e en especial dos Concellos da sur da provincia de Pontevedra.\",\"publisher\":{\"@id\":\"https:\\\/\\\/www.anovapeneira.gal\\\/#organization\"},\"potentialAction\":[{\"@type\":\"SearchAction\",\"target\":{\"@type\":\"EntryPoint\",\"urlTemplate\":\"https:\\\/\\\/www.anovapeneira.gal\\\/?s={search_term_string}\"},\"query-input\":{\"@type\":\"PropertyValueSpecification\",\"valueRequired\":true,\"valueName\":\"search_term_string\"}}],\"inLanguage\":\"gl-ES\"},{\"@type\":\"Organization\",\"@id\":\"https:\\\/\\\/www.anovapeneira.gal\\\/#organization\",\"name\":\"A Nova Peneira\",\"url\":\"https:\\\/\\\/www.anovapeneira.gal\\\/\",\"logo\":{\"@type\":\"ImageObject\",\"inLanguage\":\"gl-ES\",\"@id\":\"https:\\\/\\\/www.anovapeneira.gal\\\/#\\\/schema\\\/logo\\\/image\\\/\",\"url\":\"http:\\\/\\\/www.anovapeneira.gal\\\/wp-content\\\/uploads\\\/2019\\\/06\\\/logo_a_nova_peneira_portal_web.png\",\"contentUrl\":\"http:\\\/\\\/www.anovapeneira.gal\\\/wp-content\\\/uploads\\\/2019\\\/06\\\/logo_a_nova_peneira_portal_web.png\",\"width\":300,\"height\":100,\"caption\":\"A Nova Peneira\"},\"image\":{\"@id\":\"https:\\\/\\\/www.anovapeneira.gal\\\/#\\\/schema\\\/logo\\\/image\\\/\"},\"sameAs\":[\"https:\\\/\\\/www.facebook.com\\\/anovapeneira\",\"https:\\\/\\\/x.com\\\/APeneira\"]},{\"@type\":\"Person\",\"@id\":\"https:\\\/\\\/www.anovapeneira.gal\\\/#\\\/schema\\\/person\\\/d9d84823564720e7593293bab054e52d\",\"name\":\"Marcos Santos\",\"image\":{\"@type\":\"ImageObject\",\"inLanguage\":\"gl-ES\",\"@id\":\"https:\\\/\\\/secure.gravatar.com\\\/avatar\\\/0e8017099a7a47c0a9d2275e865fe326484561eb3d70649069e4b8e61a8d2e8c?s=96&d=mm&r=g\",\"url\":\"https:\\\/\\\/secure.gravatar.com\\\/avatar\\\/0e8017099a7a47c0a9d2275e865fe326484561eb3d70649069e4b8e61a8d2e8c?s=96&d=mm&r=g\",\"contentUrl\":\"https:\\\/\\\/secure.gravatar.com\\\/avatar\\\/0e8017099a7a47c0a9d2275e865fe326484561eb3d70649069e4b8e61a8d2e8c?s=96&d=mm&r=g\",\"caption\":\"Marcos Santos\"},\"sameAs\":[\"http:\\\/\\\/anovapeneira.gal\"],\"url\":\"https:\\\/\\\/www.anovapeneira.gal\\\/index.php\\\/author\\\/marcos-santos\\\/\"}]}<\/script>\n<!-- \/ Yoast SEO plugin. -->","yoast_head_json":{"title":"Virginia Rinc\u00f3n nova presidenta do Club Deportivo Choco de Redondela e Rosana Gonz\u00e1lez, nova tesoureira -","description":"Virginia \u00e9 unha madrile\u00f1a redondel\u00e1 que ven de ser escollida nova presidenta do Choco. E n\u00f3s non podemos deixar de amosar a nosa alegr\u00eda por este feito, e por todos aqueles que contrib\u00faan a facer normal que a muller acceda aos postos de responsabilidade que a estrutura patriarcal da humanidade ti\u00f1a reservados aos homes. Falamos con ela e con Rosana, a nova tesoureira.","robots":{"index":"index","follow":"follow","max-snippet":"max-snippet:-1","max-image-preview":"max-image-preview:large","max-video-preview":"max-video-preview:-1"},"canonical":"https:\/\/www.anovapeneira.gal\/index.php\/2023\/06\/14\/virginia-rincon-nova-presidenta-do-club-deportivo-choco-de-redondela-e-rosana-gonzalez-nova-tesoureira\/","og_locale":"gl_ES","og_type":"article","og_title":"Virginia Rinc\u00f3n nova presidenta do Club Deportivo Choco de Redondela e Rosana Gonz\u00e1lez, nova tesoureira -","og_description":"Virginia \u00e9 unha madrile\u00f1a redondel\u00e1 que ven de ser escollida nova presidenta do Choco. E n\u00f3s non podemos deixar de amosar a nosa alegr\u00eda por este feito, e por todos aqueles que contrib\u00faan a facer normal que a muller acceda aos postos de responsabilidade que a estrutura patriarcal da humanidade ti\u00f1a reservados aos homes. Falamos con ela e con Rosana, a nova tesoureira.","og_url":"https:\/\/www.anovapeneira.gal\/index.php\/2023\/06\/14\/virginia-rincon-nova-presidenta-do-club-deportivo-choco-de-redondela-e-rosana-gonzalez-nova-tesoureira\/","article_publisher":"https:\/\/www.facebook.com\/anovapeneira","article_published_time":"2023-06-14T08:00:13+00:00","og_image":[{"width":720,"height":432,"url":"https:\/\/www.anovapeneira.gal\/wp-content\/uploads\/2023\/06\/presidenta_choco.jpg","type":"image\/jpeg"}],"author":"Marcos Santos","twitter_card":"summary_large_image","twitter_creator":"@APeneira","twitter_site":"@APeneira","twitter_misc":{"Escrito por":"Marcos Santos","Tempo de lectura":"6 minutos"},"schema":{"@context":"https:\/\/schema.org","@graph":[{"@type":"Article","@id":"https:\/\/www.anovapeneira.gal\/index.php\/2023\/06\/14\/virginia-rincon-nova-presidenta-do-club-deportivo-choco-de-redondela-e-rosana-gonzalez-nova-tesoureira\/#article","isPartOf":{"@id":"https:\/\/www.anovapeneira.gal\/index.php\/2023\/06\/14\/virginia-rincon-nova-presidenta-do-club-deportivo-choco-de-redondela-e-rosana-gonzalez-nova-tesoureira\/"},"author":{"name":"Marcos Santos","@id":"https:\/\/www.anovapeneira.gal\/#\/schema\/person\/d9d84823564720e7593293bab054e52d"},"headline":"Virginia Rinc\u00f3n nova presidenta do Club Deportivo Choco de Redondela e Rosana Gonz\u00e1lez, nova tesoureira","datePublished":"2023-06-14T08:00:13+00:00","mainEntityOfPage":{"@id":"https:\/\/www.anovapeneira.gal\/index.php\/2023\/06\/14\/virginia-rincon-nova-presidenta-do-club-deportivo-choco-de-redondela-e-rosana-gonzalez-nova-tesoureira\/"},"wordCount":1169,"commentCount":0,"publisher":{"@id":"https:\/\/www.anovapeneira.gal\/#organization"},"image":{"@id":"https:\/\/www.anovapeneira.gal\/index.php\/2023\/06\/14\/virginia-rincon-nova-presidenta-do-club-deportivo-choco-de-redondela-e-rosana-gonzalez-nova-tesoureira\/#primaryimage"},"thumbnailUrl":"https:\/\/www.anovapeneira.gal\/wp-content\/uploads\/2023\/06\/presidenta_choco.jpg","keywords":["Concello de Redondela"],"articleSection":["Redondela"],"inLanguage":"gl-ES","potentialAction":[{"@type":"CommentAction","name":"Comment","target":["https:\/\/www.anovapeneira.gal\/index.php\/2023\/06\/14\/virginia-rincon-nova-presidenta-do-club-deportivo-choco-de-redondela-e-rosana-gonzalez-nova-tesoureira\/#respond"]}]},{"@type":"WebPage","@id":"https:\/\/www.anovapeneira.gal\/index.php\/2023\/06\/14\/virginia-rincon-nova-presidenta-do-club-deportivo-choco-de-redondela-e-rosana-gonzalez-nova-tesoureira\/","url":"https:\/\/www.anovapeneira.gal\/index.php\/2023\/06\/14\/virginia-rincon-nova-presidenta-do-club-deportivo-choco-de-redondela-e-rosana-gonzalez-nova-tesoureira\/","name":"Virginia Rinc\u00f3n nova presidenta do Club Deportivo Choco de Redondela e Rosana Gonz\u00e1lez, nova tesoureira -","isPartOf":{"@id":"https:\/\/www.anovapeneira.gal\/#website"},"primaryImageOfPage":{"@id":"https:\/\/www.anovapeneira.gal\/index.php\/2023\/06\/14\/virginia-rincon-nova-presidenta-do-club-deportivo-choco-de-redondela-e-rosana-gonzalez-nova-tesoureira\/#primaryimage"},"image":{"@id":"https:\/\/www.anovapeneira.gal\/index.php\/2023\/06\/14\/virginia-rincon-nova-presidenta-do-club-deportivo-choco-de-redondela-e-rosana-gonzalez-nova-tesoureira\/#primaryimage"},"thumbnailUrl":"https:\/\/www.anovapeneira.gal\/wp-content\/uploads\/2023\/06\/presidenta_choco.jpg","datePublished":"2023-06-14T08:00:13+00:00","description":"Virginia \u00e9 unha madrile\u00f1a redondel\u00e1 que ven de ser escollida nova presidenta do Choco. E n\u00f3s non podemos deixar de amosar a nosa alegr\u00eda por este feito, e por todos aqueles que contrib\u00faan a facer normal que a muller acceda aos postos de responsabilidade que a estrutura patriarcal da humanidade ti\u00f1a reservados aos homes. Falamos con ela e con Rosana, a nova tesoureira.","breadcrumb":{"@id":"https:\/\/www.anovapeneira.gal\/index.php\/2023\/06\/14\/virginia-rincon-nova-presidenta-do-club-deportivo-choco-de-redondela-e-rosana-gonzalez-nova-tesoureira\/#breadcrumb"},"inLanguage":"gl-ES","potentialAction":[{"@type":"ReadAction","target":["https:\/\/www.anovapeneira.gal\/index.php\/2023\/06\/14\/virginia-rincon-nova-presidenta-do-club-deportivo-choco-de-redondela-e-rosana-gonzalez-nova-tesoureira\/"]}]},{"@type":"ImageObject","inLanguage":"gl-ES","@id":"https:\/\/www.anovapeneira.gal\/index.php\/2023\/06\/14\/virginia-rincon-nova-presidenta-do-club-deportivo-choco-de-redondela-e-rosana-gonzalez-nova-tesoureira\/#primaryimage","url":"https:\/\/www.anovapeneira.gal\/wp-content\/uploads\/2023\/06\/presidenta_choco.jpg","contentUrl":"https:\/\/www.anovapeneira.gal\/wp-content\/uploads\/2023\/06\/presidenta_choco.jpg","width":720,"height":432,"caption":"Virginia Rinc\u00f3n nova presidenta do Club Deportivo Choco de Redondela e Rosana Gonz\u00e1lez, nova tesoureira"},{"@type":"BreadcrumbList","@id":"https:\/\/www.anovapeneira.gal\/index.php\/2023\/06\/14\/virginia-rincon-nova-presidenta-do-club-deportivo-choco-de-redondela-e-rosana-gonzalez-nova-tesoureira\/#breadcrumb","itemListElement":[{"@type":"ListItem","position":1,"name":"Portada","item":"https:\/\/www.anovapeneira.gal\/"},{"@type":"ListItem","position":2,"name":"Virginia Rinc\u00f3n nova presidenta do Club Deportivo Choco de Redondela e Rosana Gonz\u00e1lez, nova tesoureira"}]},{"@type":"WebSite","@id":"https:\/\/www.anovapeneira.gal\/#website","url":"https:\/\/www.anovapeneira.gal\/","name":"","description":"Xornal galego de informaci\u00f3n xeral Publicaci\u00f3n mensual de novas de Galicia e en especial dos Concellos da sur da provincia de Pontevedra.","publisher":{"@id":"https:\/\/www.anovapeneira.gal\/#organization"},"potentialAction":[{"@type":"SearchAction","target":{"@type":"EntryPoint","urlTemplate":"https:\/\/www.anovapeneira.gal\/?s={search_term_string}"},"query-input":{"@type":"PropertyValueSpecification","valueRequired":true,"valueName":"search_term_string"}}],"inLanguage":"gl-ES"},{"@type":"Organization","@id":"https:\/\/www.anovapeneira.gal\/#organization","name":"A Nova Peneira","url":"https:\/\/www.anovapeneira.gal\/","logo":{"@type":"ImageObject","inLanguage":"gl-ES","@id":"https:\/\/www.anovapeneira.gal\/#\/schema\/logo\/image\/","url":"http:\/\/www.anovapeneira.gal\/wp-content\/uploads\/2019\/06\/logo_a_nova_peneira_portal_web.png","contentUrl":"http:\/\/www.anovapeneira.gal\/wp-content\/uploads\/2019\/06\/logo_a_nova_peneira_portal_web.png","width":300,"height":100,"caption":"A Nova Peneira"},"image":{"@id":"https:\/\/www.anovapeneira.gal\/#\/schema\/logo\/image\/"},"sameAs":["https:\/\/www.facebook.com\/anovapeneira","https:\/\/x.com\/APeneira"]},{"@type":"Person","@id":"https:\/\/www.anovapeneira.gal\/#\/schema\/person\/d9d84823564720e7593293bab054e52d","name":"Marcos Santos","image":{"@type":"ImageObject","inLanguage":"gl-ES","@id":"https:\/\/secure.gravatar.com\/avatar\/0e8017099a7a47c0a9d2275e865fe326484561eb3d70649069e4b8e61a8d2e8c?s=96&d=mm&r=g","url":"https:\/\/secure.gravatar.com\/avatar\/0e8017099a7a47c0a9d2275e865fe326484561eb3d70649069e4b8e61a8d2e8c?s=96&d=mm&r=g","contentUrl":"https:\/\/secure.gravatar.com\/avatar\/0e8017099a7a47c0a9d2275e865fe326484561eb3d70649069e4b8e61a8d2e8c?s=96&d=mm&r=g","caption":"Marcos Santos"},"sameAs":["http:\/\/anovapeneira.gal"],"url":"https:\/\/www.anovapeneira.gal\/index.php\/author\/marcos-santos\/"}]}},"jetpack_featured_media_url":"https:\/\/www.anovapeneira.gal\/wp-content\/uploads\/2023\/06\/presidenta_choco.jpg","_links":{"self":[{"href":"https:\/\/www.anovapeneira.gal\/index.php\/wp-json\/wp\/v2\/posts\/9932","targetHints":{"allow":["GET"]}}],"collection":[{"href":"https:\/\/www.anovapeneira.gal\/index.php\/wp-json\/wp\/v2\/posts"}],"about":[{"href":"https:\/\/www.anovapeneira.gal\/index.php\/wp-json\/wp\/v2\/types\/post"}],"author":[{"embeddable":true,"href":"https:\/\/www.anovapeneira.gal\/index.php\/wp-json\/wp\/v2\/users\/6"}],"replies":[{"embeddable":true,"href":"https:\/\/www.anovapeneira.gal\/index.php\/wp-json\/wp\/v2\/comments?post=9932"}],"version-history":[{"count":1,"href":"https:\/\/www.anovapeneira.gal\/index.php\/wp-json\/wp\/v2\/posts\/9932\/revisions"}],"predecessor-version":[{"id":9933,"href":"https:\/\/www.anovapeneira.gal\/index.php\/wp-json\/wp\/v2\/posts\/9932\/revisions\/9933"}],"wp:featuredmedia":[{"embeddable":true,"href":"https:\/\/www.anovapeneira.gal\/index.php\/wp-json\/wp\/v2\/media\/9934"}],"wp:attachment":[{"href":"https:\/\/www.anovapeneira.gal\/index.php\/wp-json\/wp\/v2\/media?parent=9932"}],"wp:term":[{"taxonomy":"category","embeddable":true,"href":"https:\/\/www.anovapeneira.gal\/index.php\/wp-json\/wp\/v2\/categories?post=9932"},{"taxonomy":"post_tag","embeddable":true,"href":"https:\/\/www.anovapeneira.gal\/index.php\/wp-json\/wp\/v2\/tags?post=9932"}],"curies":[{"name":"wp","href":"https:\/\/api.w.org\/{rel}","templated":true}]}}