{"id":9943,"date":"2023-06-15T12:00:34","date_gmt":"2023-06-15T10:00:34","guid":{"rendered":"https:\/\/www.anovapeneira.gal\/?p=9943"},"modified":"2023-06-13T09:44:25","modified_gmt":"2023-06-13T07:44:25","slug":"o-artista-portugues-antonio-bahia-gana-o-i-certame-de-pintura-otero-baena-para-artistas-noveis-coa-obra-sobrevoo","status":"publish","type":"post","link":"https:\/\/www.anovapeneira.gal\/index.php\/2023\/06\/15\/o-artista-portugues-antonio-bahia-gana-o-i-certame-de-pintura-otero-baena-para-artistas-noveis-coa-obra-sobrevoo\/","title":{"rendered":"O artista portugu\u00e9s Ant\u00f3nio Bahia ga\u00f1a o I Certame de Pintura Otero Baena para artistas noveis coa obra \u2018Sobrevoo\u2019"},"content":{"rendered":"\n<h2 class=\"wp-block-heading\"><strong>O xurado reuniuse este venres e decidiu outorgarlle o premio a esta creaci\u00f3n, da que destacan a \u201cs\u00faa calidade art\u00edstica e unha po\u00e9tica de certa melancol\u00eda cunha linguaxe contempor\u00e1nea\u201d<\/strong><\/h2>\n\n\n\n<h3 class=\"wp-block-heading\"><strong>A exposici\u00f3n art\u00edstica das obras finalistas a\u00ednda se pode ver durante todo o mes de xu\u00f1o na Sala de Exposici\u00f3ns Amalia Dom\u00ednguez B\u00faa<\/strong><\/h3>\n\n\n\n<p><strong>Bueu, a 9 de xu\u00f1o de 2023<\/strong><\/p>\n\n\n\n<p>O artista portugu\u00e9s Ant\u00f3nio Bah\u00eda resultou ga\u00f1ador do I Certame de Pintura Otero Baena para artistas noveis do Concello de Bueu coa obra titulada \u201cSobrevoo\u201d, da que o xurado, que se reuniu este venres, destacou a \u201cs\u00faa calidade art\u00edstica e unha po\u00e9tica de certa melancol\u00eda cunha linguaxe contempor\u00e1nea\u201d. Ademais, tam\u00e9n se valorou a entoaci\u00f3n xeral do cadro.<\/p>\n\n\n\n<p>O xurado, conformado por Xos\u00e9 Leal, concelleiro de cultura, Covadonga L\u00f3pez, directora do Museo Mass\u00f3, Javier P\u00e9rez Buj\u00e1n, da Fundaci\u00f3n Laxeiro, Fruela Alonso e Din Matamoro, da Facultade de Belas Artes, e Rosa Elvira Caama\u00f1o, artista canguesa, foi o encargado de seleccionar hai un mes un total de trece obras e cinco de reserva de entre os cincuenta e dous traballos art\u00edsticos recibidos no Concello e que concorr\u00edan ao certame. Agora, nesta segunda fase, o autor de \u201cSobrevoo\u201d f\u00edxose co premio polo que recibir\u00e1 unha dotaci\u00f3n econ\u00f3mica de 1.500 euros e participar\u00e1 nunha gala de entrega que se organizar\u00e1 dende o Concello de Bueu.<\/p>\n\n\n\n<p>O I Certame de Pintura \u2018Otero Baena\u2019 para artistas noveis foi creado este ano polo Concello de Bueu e a familia do artista bueu\u00e9s Jos\u00e9 Benito Otero Baena co obxectivo de promover a creaci\u00f3n art\u00edstica ao mesmo tempo que se d\u00e1 a co\u00f1ecer a s\u00faa figura. Actualmente, a Sala Amalia Dom\u00ednguez B\u00faa acolle unha exposici\u00f3n conformada polos traballos finalistas do certame, concretamente de \u2018Mass\u00f3, mi recuerdo\u2019, \u2018Sobrevoo\u2019, \u2018Sin t\u00edtulo (de la serie Line Drawings)\u2019, \u2018Detalle\u2019, \u2018Las morenas\u2019, \u2018Familie Tijd\u2019, \u2018Figuras de cuerdas\u2019, \u2018En la Banda del R\u00edo\u2019, \u2018Espazos ocupados\u2019, \u2018Que\u2019, \u2018Puerto de Bueu\u2019, \u2018Glyph, 2023\u2019 e \u2018Arranxo\u2019.<\/p>\n\n\n\n<p>A Sala estar\u00e1 aberta todos os d\u00edas ata o 30 de xu\u00f1o, en horario de 12 a 14 h, e de 17 a 20 horas. Neste per\u00edodo, e preto do 27 de xu\u00f1o, por tratarse da data do nacemento de Otero Baena, organizarase a gala de entrega do premio \u00e1 que asistir\u00e1 a persoa ga\u00f1adora.<\/p>\n\n\n\n<p><strong>A posta en valor de Otero Baena<\/strong><\/p>\n\n\n\n<p>Esta exposici\u00f3n, correspondente ao I Certame de Pintura \u2018Otero Baena\u2019, ins\u00edrese dentro dun proxecto ambicioso do Concello, en colaboraci\u00f3n coa familia do artista, que contribuir\u00e1 a conservar e manter vivo o legado do bueu\u00e9s, o cal se caracterizaba por ser unha persoa comprometida coa arte. As\u00ed, as d\u00faas acci\u00f3ns que se levaron a cabo polo momento foron a colocaci\u00f3n dunha placa conmemorativa na que fora a residencia do artista na r\u00faa Eduardo Vincenti, e a creaci\u00f3n deste certame bienal.<\/p>\n","protected":false},"excerpt":{"rendered":"<div class=\"mh-excerpt\"><p>O xurado reuniuse este venres e decidiu outorgarlle o premio a esta creaci\u00f3n, da que destacan a \u201cs\u00faa calidade art\u00edstica e unha po\u00e9tica de certa melancol\u00eda cunha linguaxe contempor\u00e1nea\u201d <a class=\"mh-excerpt-more\" href=\"https:\/\/www.anovapeneira.gal\/index.php\/2023\/06\/15\/o-artista-portugues-antonio-bahia-gana-o-i-certame-de-pintura-otero-baena-para-artistas-noveis-coa-obra-sobrevoo\/\" title=\"O artista portugu\u00e9s Ant\u00f3nio Bahia ga\u00f1a o I Certame de Pintura Otero Baena para artistas noveis coa obra \u2018Sobrevoo\u2019\">[&#8230;]<\/a><\/p>\n<\/div>","protected":false},"author":3,"featured_media":9945,"comment_status":"open","ping_status":"open","sticky":false,"template":"","format":"standard","meta":{"_exactmetrics_skip_tracking":false,"_exactmetrics_sitenote_active":false,"_exactmetrics_sitenote_note":"","_exactmetrics_sitenote_category":0,"footnotes":""},"categories":[22],"tags":[440],"class_list":{"0":"post-9943","1":"post","2":"type-post","3":"status-publish","4":"format-standard","5":"has-post-thumbnail","7":"category-morrazo","8":"tag-concello-de-bueu"},"yoast_head":"<!-- This site is optimized with the Yoast SEO plugin v27.4 - https:\/\/yoast.com\/product\/yoast-seo-wordpress\/ -->\n<title>O artista portugu\u00e9s Ant\u00f3nio Bahia ga\u00f1a o I Certame de Pintura Otero Baena para artistas noveis coa obra \u2018Sobrevoo\u2019 -<\/title>\n<meta name=\"description\" content=\"O xurado reuniuse este venres e decidiu outorgarlle o premio a esta creaci\u00f3n, da que destacan a \u201cs\u00faa calidade art\u00edstica e unha po\u00e9tica de certa melancol\u00eda cunha linguaxe contempor\u00e1nea\u201d\" \/>\n<meta name=\"robots\" content=\"index, follow, max-snippet:-1, max-image-preview:large, max-video-preview:-1\" \/>\n<link rel=\"canonical\" href=\"https:\/\/www.anovapeneira.gal\/index.php\/2023\/06\/15\/o-artista-portugues-antonio-bahia-gana-o-i-certame-de-pintura-otero-baena-para-artistas-noveis-coa-obra-sobrevoo\/\" \/>\n<meta property=\"og:locale\" content=\"gl_ES\" \/>\n<meta property=\"og:type\" content=\"article\" \/>\n<meta property=\"og:title\" content=\"O artista portugu\u00e9s Ant\u00f3nio Bahia ga\u00f1a o I Certame de Pintura Otero Baena para artistas noveis coa obra \u2018Sobrevoo\u2019 -\" \/>\n<meta property=\"og:description\" content=\"O xurado reuniuse este venres e decidiu outorgarlle o premio a esta creaci\u00f3n, da que destacan a \u201cs\u00faa calidade art\u00edstica e unha po\u00e9tica de certa melancol\u00eda cunha linguaxe contempor\u00e1nea\u201d\" \/>\n<meta property=\"og:url\" content=\"https:\/\/www.anovapeneira.gal\/index.php\/2023\/06\/15\/o-artista-portugues-antonio-bahia-gana-o-i-certame-de-pintura-otero-baena-para-artistas-noveis-coa-obra-sobrevoo\/\" \/>\n<meta property=\"article:publisher\" content=\"https:\/\/www.facebook.com\/anovapeneira\" \/>\n<meta property=\"article:published_time\" content=\"2023-06-15T10:00:34+00:00\" \/>\n<meta property=\"og:image\" content=\"https:\/\/www.anovapeneira.gal\/wp-content\/uploads\/2023\/06\/I_certame_pintura.jpg\" \/>\n\t<meta property=\"og:image:width\" content=\"720\" \/>\n\t<meta property=\"og:image:height\" content=\"432\" \/>\n\t<meta property=\"og:image:type\" content=\"image\/jpeg\" \/>\n<meta name=\"author\" content=\"Redacci\u00f3n A Nova Peneira\" \/>\n<meta name=\"twitter:card\" content=\"summary_large_image\" \/>\n<meta name=\"twitter:creator\" content=\"@APeneira\" \/>\n<meta name=\"twitter:site\" content=\"@APeneira\" \/>\n<meta name=\"twitter:label1\" content=\"Escrito por\" \/>\n\t<meta name=\"twitter:data1\" content=\"Redacci\u00f3n A Nova Peneira\" \/>\n\t<meta name=\"twitter:label2\" content=\"Tempo de lectura\" \/>\n\t<meta name=\"twitter:data2\" content=\"3 minutos\" \/>\n<script type=\"application\/ld+json\" class=\"yoast-schema-graph\">{\"@context\":\"https:\\\/\\\/schema.org\",\"@graph\":[{\"@type\":\"Article\",\"@id\":\"https:\\\/\\\/www.anovapeneira.gal\\\/index.php\\\/2023\\\/06\\\/15\\\/o-artista-portugues-antonio-bahia-gana-o-i-certame-de-pintura-otero-baena-para-artistas-noveis-coa-obra-sobrevoo\\\/#article\",\"isPartOf\":{\"@id\":\"https:\\\/\\\/www.anovapeneira.gal\\\/index.php\\\/2023\\\/06\\\/15\\\/o-artista-portugues-antonio-bahia-gana-o-i-certame-de-pintura-otero-baena-para-artistas-noveis-coa-obra-sobrevoo\\\/\"},\"author\":{\"name\":\"Redacci\u00f3n A Nova Peneira\",\"@id\":\"https:\\\/\\\/www.anovapeneira.gal\\\/#\\\/schema\\\/person\\\/b93e3f8932e3f8da96334607eb6ac6aa\"},\"headline\":\"O artista portugu\u00e9s Ant\u00f3nio Bahia ga\u00f1a o I Certame de Pintura Otero Baena para artistas noveis coa obra \u2018Sobrevoo\u2019\",\"datePublished\":\"2023-06-15T10:00:34+00:00\",\"mainEntityOfPage\":{\"@id\":\"https:\\\/\\\/www.anovapeneira.gal\\\/index.php\\\/2023\\\/06\\\/15\\\/o-artista-portugues-antonio-bahia-gana-o-i-certame-de-pintura-otero-baena-para-artistas-noveis-coa-obra-sobrevoo\\\/\"},\"wordCount\":528,\"commentCount\":0,\"publisher\":{\"@id\":\"https:\\\/\\\/www.anovapeneira.gal\\\/#organization\"},\"image\":{\"@id\":\"https:\\\/\\\/www.anovapeneira.gal\\\/index.php\\\/2023\\\/06\\\/15\\\/o-artista-portugues-antonio-bahia-gana-o-i-certame-de-pintura-otero-baena-para-artistas-noveis-coa-obra-sobrevoo\\\/#primaryimage\"},\"thumbnailUrl\":\"https:\\\/\\\/www.anovapeneira.gal\\\/wp-content\\\/uploads\\\/2023\\\/06\\\/I_certame_pintura.jpg\",\"keywords\":[\"Concello de Bueu\"],\"articleSection\":[\"Morrazo\"],\"inLanguage\":\"gl-ES\",\"potentialAction\":[{\"@type\":\"CommentAction\",\"name\":\"Comment\",\"target\":[\"https:\\\/\\\/www.anovapeneira.gal\\\/index.php\\\/2023\\\/06\\\/15\\\/o-artista-portugues-antonio-bahia-gana-o-i-certame-de-pintura-otero-baena-para-artistas-noveis-coa-obra-sobrevoo\\\/#respond\"]}]},{\"@type\":\"WebPage\",\"@id\":\"https:\\\/\\\/www.anovapeneira.gal\\\/index.php\\\/2023\\\/06\\\/15\\\/o-artista-portugues-antonio-bahia-gana-o-i-certame-de-pintura-otero-baena-para-artistas-noveis-coa-obra-sobrevoo\\\/\",\"url\":\"https:\\\/\\\/www.anovapeneira.gal\\\/index.php\\\/2023\\\/06\\\/15\\\/o-artista-portugues-antonio-bahia-gana-o-i-certame-de-pintura-otero-baena-para-artistas-noveis-coa-obra-sobrevoo\\\/\",\"name\":\"O artista portugu\u00e9s Ant\u00f3nio Bahia ga\u00f1a o I Certame de Pintura Otero Baena para artistas noveis coa obra \u2018Sobrevoo\u2019 -\",\"isPartOf\":{\"@id\":\"https:\\\/\\\/www.anovapeneira.gal\\\/#website\"},\"primaryImageOfPage\":{\"@id\":\"https:\\\/\\\/www.anovapeneira.gal\\\/index.php\\\/2023\\\/06\\\/15\\\/o-artista-portugues-antonio-bahia-gana-o-i-certame-de-pintura-otero-baena-para-artistas-noveis-coa-obra-sobrevoo\\\/#primaryimage\"},\"image\":{\"@id\":\"https:\\\/\\\/www.anovapeneira.gal\\\/index.php\\\/2023\\\/06\\\/15\\\/o-artista-portugues-antonio-bahia-gana-o-i-certame-de-pintura-otero-baena-para-artistas-noveis-coa-obra-sobrevoo\\\/#primaryimage\"},\"thumbnailUrl\":\"https:\\\/\\\/www.anovapeneira.gal\\\/wp-content\\\/uploads\\\/2023\\\/06\\\/I_certame_pintura.jpg\",\"datePublished\":\"2023-06-15T10:00:34+00:00\",\"description\":\"O xurado reuniuse este venres e decidiu outorgarlle o premio a esta creaci\u00f3n, da que destacan a \u201cs\u00faa calidade art\u00edstica e unha po\u00e9tica de certa melancol\u00eda cunha linguaxe contempor\u00e1nea\u201d\",\"breadcrumb\":{\"@id\":\"https:\\\/\\\/www.anovapeneira.gal\\\/index.php\\\/2023\\\/06\\\/15\\\/o-artista-portugues-antonio-bahia-gana-o-i-certame-de-pintura-otero-baena-para-artistas-noveis-coa-obra-sobrevoo\\\/#breadcrumb\"},\"inLanguage\":\"gl-ES\",\"potentialAction\":[{\"@type\":\"ReadAction\",\"target\":[\"https:\\\/\\\/www.anovapeneira.gal\\\/index.php\\\/2023\\\/06\\\/15\\\/o-artista-portugues-antonio-bahia-gana-o-i-certame-de-pintura-otero-baena-para-artistas-noveis-coa-obra-sobrevoo\\\/\"]}]},{\"@type\":\"ImageObject\",\"inLanguage\":\"gl-ES\",\"@id\":\"https:\\\/\\\/www.anovapeneira.gal\\\/index.php\\\/2023\\\/06\\\/15\\\/o-artista-portugues-antonio-bahia-gana-o-i-certame-de-pintura-otero-baena-para-artistas-noveis-coa-obra-sobrevoo\\\/#primaryimage\",\"url\":\"https:\\\/\\\/www.anovapeneira.gal\\\/wp-content\\\/uploads\\\/2023\\\/06\\\/I_certame_pintura.jpg\",\"contentUrl\":\"https:\\\/\\\/www.anovapeneira.gal\\\/wp-content\\\/uploads\\\/2023\\\/06\\\/I_certame_pintura.jpg\",\"width\":720,\"height\":432,\"caption\":\"O artista portugu\u00e9s Ant\u00f3nio Bahia ga\u00f1a o I Certame de Pintura Otero Baena para artistas noveis coa obra \u2018Sobrevoo\u2019\"},{\"@type\":\"BreadcrumbList\",\"@id\":\"https:\\\/\\\/www.anovapeneira.gal\\\/index.php\\\/2023\\\/06\\\/15\\\/o-artista-portugues-antonio-bahia-gana-o-i-certame-de-pintura-otero-baena-para-artistas-noveis-coa-obra-sobrevoo\\\/#breadcrumb\",\"itemListElement\":[{\"@type\":\"ListItem\",\"position\":1,\"name\":\"Portada\",\"item\":\"https:\\\/\\\/www.anovapeneira.gal\\\/\"},{\"@type\":\"ListItem\",\"position\":2,\"name\":\"O artista portugu\u00e9s Ant\u00f3nio Bahia ga\u00f1a o I Certame de Pintura Otero Baena para artistas noveis coa obra \u2018Sobrevoo\u2019\"}]},{\"@type\":\"WebSite\",\"@id\":\"https:\\\/\\\/www.anovapeneira.gal\\\/#website\",\"url\":\"https:\\\/\\\/www.anovapeneira.gal\\\/\",\"name\":\"\",\"description\":\"Xornal galego de informaci\u00f3n xeral Publicaci\u00f3n mensual de novas de Galicia e en especial dos Concellos da sur da provincia de Pontevedra.\",\"publisher\":{\"@id\":\"https:\\\/\\\/www.anovapeneira.gal\\\/#organization\"},\"potentialAction\":[{\"@type\":\"SearchAction\",\"target\":{\"@type\":\"EntryPoint\",\"urlTemplate\":\"https:\\\/\\\/www.anovapeneira.gal\\\/?s={search_term_string}\"},\"query-input\":{\"@type\":\"PropertyValueSpecification\",\"valueRequired\":true,\"valueName\":\"search_term_string\"}}],\"inLanguage\":\"gl-ES\"},{\"@type\":\"Organization\",\"@id\":\"https:\\\/\\\/www.anovapeneira.gal\\\/#organization\",\"name\":\"A Nova Peneira\",\"url\":\"https:\\\/\\\/www.anovapeneira.gal\\\/\",\"logo\":{\"@type\":\"ImageObject\",\"inLanguage\":\"gl-ES\",\"@id\":\"https:\\\/\\\/www.anovapeneira.gal\\\/#\\\/schema\\\/logo\\\/image\\\/\",\"url\":\"http:\\\/\\\/www.anovapeneira.gal\\\/wp-content\\\/uploads\\\/2019\\\/06\\\/logo_a_nova_peneira_portal_web.png\",\"contentUrl\":\"http:\\\/\\\/www.anovapeneira.gal\\\/wp-content\\\/uploads\\\/2019\\\/06\\\/logo_a_nova_peneira_portal_web.png\",\"width\":300,\"height\":100,\"caption\":\"A Nova Peneira\"},\"image\":{\"@id\":\"https:\\\/\\\/www.anovapeneira.gal\\\/#\\\/schema\\\/logo\\\/image\\\/\"},\"sameAs\":[\"https:\\\/\\\/www.facebook.com\\\/anovapeneira\",\"https:\\\/\\\/x.com\\\/APeneira\"]},{\"@type\":\"Person\",\"@id\":\"https:\\\/\\\/www.anovapeneira.gal\\\/#\\\/schema\\\/person\\\/b93e3f8932e3f8da96334607eb6ac6aa\",\"name\":\"Redacci\u00f3n A Nova Peneira\",\"image\":{\"@type\":\"ImageObject\",\"inLanguage\":\"gl-ES\",\"@id\":\"https:\\\/\\\/secure.gravatar.com\\\/avatar\\\/c052a2551a06e23fac63626232eaa90abd78dbcf1700fc46a2b2c89fd27b735f?s=96&d=mm&r=g\",\"url\":\"https:\\\/\\\/secure.gravatar.com\\\/avatar\\\/c052a2551a06e23fac63626232eaa90abd78dbcf1700fc46a2b2c89fd27b735f?s=96&d=mm&r=g\",\"contentUrl\":\"https:\\\/\\\/secure.gravatar.com\\\/avatar\\\/c052a2551a06e23fac63626232eaa90abd78dbcf1700fc46a2b2c89fd27b735f?s=96&d=mm&r=g\",\"caption\":\"Redacci\u00f3n A Nova Peneira\"},\"sameAs\":[\"http:\\\/\\\/www.anovapeneira.gal\\\/\"],\"url\":\"https:\\\/\\\/www.anovapeneira.gal\\\/index.php\\\/author\\\/redactor\\\/\"}]}<\/script>\n<!-- \/ Yoast SEO plugin. -->","yoast_head_json":{"title":"O artista portugu\u00e9s Ant\u00f3nio Bahia ga\u00f1a o I Certame de Pintura Otero Baena para artistas noveis coa obra \u2018Sobrevoo\u2019 -","description":"O xurado reuniuse este venres e decidiu outorgarlle o premio a esta creaci\u00f3n, da que destacan a \u201cs\u00faa calidade art\u00edstica e unha po\u00e9tica de certa melancol\u00eda cunha linguaxe contempor\u00e1nea\u201d","robots":{"index":"index","follow":"follow","max-snippet":"max-snippet:-1","max-image-preview":"max-image-preview:large","max-video-preview":"max-video-preview:-1"},"canonical":"https:\/\/www.anovapeneira.gal\/index.php\/2023\/06\/15\/o-artista-portugues-antonio-bahia-gana-o-i-certame-de-pintura-otero-baena-para-artistas-noveis-coa-obra-sobrevoo\/","og_locale":"gl_ES","og_type":"article","og_title":"O artista portugu\u00e9s Ant\u00f3nio Bahia ga\u00f1a o I Certame de Pintura Otero Baena para artistas noveis coa obra \u2018Sobrevoo\u2019 -","og_description":"O xurado reuniuse este venres e decidiu outorgarlle o premio a esta creaci\u00f3n, da que destacan a \u201cs\u00faa calidade art\u00edstica e unha po\u00e9tica de certa melancol\u00eda cunha linguaxe contempor\u00e1nea\u201d","og_url":"https:\/\/www.anovapeneira.gal\/index.php\/2023\/06\/15\/o-artista-portugues-antonio-bahia-gana-o-i-certame-de-pintura-otero-baena-para-artistas-noveis-coa-obra-sobrevoo\/","article_publisher":"https:\/\/www.facebook.com\/anovapeneira","article_published_time":"2023-06-15T10:00:34+00:00","og_image":[{"width":720,"height":432,"url":"https:\/\/www.anovapeneira.gal\/wp-content\/uploads\/2023\/06\/I_certame_pintura.jpg","type":"image\/jpeg"}],"author":"Redacci\u00f3n A Nova Peneira","twitter_card":"summary_large_image","twitter_creator":"@APeneira","twitter_site":"@APeneira","twitter_misc":{"Escrito por":"Redacci\u00f3n A Nova Peneira","Tempo de lectura":"3 minutos"},"schema":{"@context":"https:\/\/schema.org","@graph":[{"@type":"Article","@id":"https:\/\/www.anovapeneira.gal\/index.php\/2023\/06\/15\/o-artista-portugues-antonio-bahia-gana-o-i-certame-de-pintura-otero-baena-para-artistas-noveis-coa-obra-sobrevoo\/#article","isPartOf":{"@id":"https:\/\/www.anovapeneira.gal\/index.php\/2023\/06\/15\/o-artista-portugues-antonio-bahia-gana-o-i-certame-de-pintura-otero-baena-para-artistas-noveis-coa-obra-sobrevoo\/"},"author":{"name":"Redacci\u00f3n A Nova Peneira","@id":"https:\/\/www.anovapeneira.gal\/#\/schema\/person\/b93e3f8932e3f8da96334607eb6ac6aa"},"headline":"O artista portugu\u00e9s Ant\u00f3nio Bahia ga\u00f1a o I Certame de Pintura Otero Baena para artistas noveis coa obra \u2018Sobrevoo\u2019","datePublished":"2023-06-15T10:00:34+00:00","mainEntityOfPage":{"@id":"https:\/\/www.anovapeneira.gal\/index.php\/2023\/06\/15\/o-artista-portugues-antonio-bahia-gana-o-i-certame-de-pintura-otero-baena-para-artistas-noveis-coa-obra-sobrevoo\/"},"wordCount":528,"commentCount":0,"publisher":{"@id":"https:\/\/www.anovapeneira.gal\/#organization"},"image":{"@id":"https:\/\/www.anovapeneira.gal\/index.php\/2023\/06\/15\/o-artista-portugues-antonio-bahia-gana-o-i-certame-de-pintura-otero-baena-para-artistas-noveis-coa-obra-sobrevoo\/#primaryimage"},"thumbnailUrl":"https:\/\/www.anovapeneira.gal\/wp-content\/uploads\/2023\/06\/I_certame_pintura.jpg","keywords":["Concello de Bueu"],"articleSection":["Morrazo"],"inLanguage":"gl-ES","potentialAction":[{"@type":"CommentAction","name":"Comment","target":["https:\/\/www.anovapeneira.gal\/index.php\/2023\/06\/15\/o-artista-portugues-antonio-bahia-gana-o-i-certame-de-pintura-otero-baena-para-artistas-noveis-coa-obra-sobrevoo\/#respond"]}]},{"@type":"WebPage","@id":"https:\/\/www.anovapeneira.gal\/index.php\/2023\/06\/15\/o-artista-portugues-antonio-bahia-gana-o-i-certame-de-pintura-otero-baena-para-artistas-noveis-coa-obra-sobrevoo\/","url":"https:\/\/www.anovapeneira.gal\/index.php\/2023\/06\/15\/o-artista-portugues-antonio-bahia-gana-o-i-certame-de-pintura-otero-baena-para-artistas-noveis-coa-obra-sobrevoo\/","name":"O artista portugu\u00e9s Ant\u00f3nio Bahia ga\u00f1a o I Certame de Pintura Otero Baena para artistas noveis coa obra \u2018Sobrevoo\u2019 -","isPartOf":{"@id":"https:\/\/www.anovapeneira.gal\/#website"},"primaryImageOfPage":{"@id":"https:\/\/www.anovapeneira.gal\/index.php\/2023\/06\/15\/o-artista-portugues-antonio-bahia-gana-o-i-certame-de-pintura-otero-baena-para-artistas-noveis-coa-obra-sobrevoo\/#primaryimage"},"image":{"@id":"https:\/\/www.anovapeneira.gal\/index.php\/2023\/06\/15\/o-artista-portugues-antonio-bahia-gana-o-i-certame-de-pintura-otero-baena-para-artistas-noveis-coa-obra-sobrevoo\/#primaryimage"},"thumbnailUrl":"https:\/\/www.anovapeneira.gal\/wp-content\/uploads\/2023\/06\/I_certame_pintura.jpg","datePublished":"2023-06-15T10:00:34+00:00","description":"O xurado reuniuse este venres e decidiu outorgarlle o premio a esta creaci\u00f3n, da que destacan a \u201cs\u00faa calidade art\u00edstica e unha po\u00e9tica de certa melancol\u00eda cunha linguaxe contempor\u00e1nea\u201d","breadcrumb":{"@id":"https:\/\/www.anovapeneira.gal\/index.php\/2023\/06\/15\/o-artista-portugues-antonio-bahia-gana-o-i-certame-de-pintura-otero-baena-para-artistas-noveis-coa-obra-sobrevoo\/#breadcrumb"},"inLanguage":"gl-ES","potentialAction":[{"@type":"ReadAction","target":["https:\/\/www.anovapeneira.gal\/index.php\/2023\/06\/15\/o-artista-portugues-antonio-bahia-gana-o-i-certame-de-pintura-otero-baena-para-artistas-noveis-coa-obra-sobrevoo\/"]}]},{"@type":"ImageObject","inLanguage":"gl-ES","@id":"https:\/\/www.anovapeneira.gal\/index.php\/2023\/06\/15\/o-artista-portugues-antonio-bahia-gana-o-i-certame-de-pintura-otero-baena-para-artistas-noveis-coa-obra-sobrevoo\/#primaryimage","url":"https:\/\/www.anovapeneira.gal\/wp-content\/uploads\/2023\/06\/I_certame_pintura.jpg","contentUrl":"https:\/\/www.anovapeneira.gal\/wp-content\/uploads\/2023\/06\/I_certame_pintura.jpg","width":720,"height":432,"caption":"O artista portugu\u00e9s Ant\u00f3nio Bahia ga\u00f1a o I Certame de Pintura Otero Baena para artistas noveis coa obra \u2018Sobrevoo\u2019"},{"@type":"BreadcrumbList","@id":"https:\/\/www.anovapeneira.gal\/index.php\/2023\/06\/15\/o-artista-portugues-antonio-bahia-gana-o-i-certame-de-pintura-otero-baena-para-artistas-noveis-coa-obra-sobrevoo\/#breadcrumb","itemListElement":[{"@type":"ListItem","position":1,"name":"Portada","item":"https:\/\/www.anovapeneira.gal\/"},{"@type":"ListItem","position":2,"name":"O artista portugu\u00e9s Ant\u00f3nio Bahia ga\u00f1a o I Certame de Pintura Otero Baena para artistas noveis coa obra \u2018Sobrevoo\u2019"}]},{"@type":"WebSite","@id":"https:\/\/www.anovapeneira.gal\/#website","url":"https:\/\/www.anovapeneira.gal\/","name":"","description":"Xornal galego de informaci\u00f3n xeral Publicaci\u00f3n mensual de novas de Galicia e en especial dos Concellos da sur da provincia de Pontevedra.","publisher":{"@id":"https:\/\/www.anovapeneira.gal\/#organization"},"potentialAction":[{"@type":"SearchAction","target":{"@type":"EntryPoint","urlTemplate":"https:\/\/www.anovapeneira.gal\/?s={search_term_string}"},"query-input":{"@type":"PropertyValueSpecification","valueRequired":true,"valueName":"search_term_string"}}],"inLanguage":"gl-ES"},{"@type":"Organization","@id":"https:\/\/www.anovapeneira.gal\/#organization","name":"A Nova Peneira","url":"https:\/\/www.anovapeneira.gal\/","logo":{"@type":"ImageObject","inLanguage":"gl-ES","@id":"https:\/\/www.anovapeneira.gal\/#\/schema\/logo\/image\/","url":"http:\/\/www.anovapeneira.gal\/wp-content\/uploads\/2019\/06\/logo_a_nova_peneira_portal_web.png","contentUrl":"http:\/\/www.anovapeneira.gal\/wp-content\/uploads\/2019\/06\/logo_a_nova_peneira_portal_web.png","width":300,"height":100,"caption":"A Nova Peneira"},"image":{"@id":"https:\/\/www.anovapeneira.gal\/#\/schema\/logo\/image\/"},"sameAs":["https:\/\/www.facebook.com\/anovapeneira","https:\/\/x.com\/APeneira"]},{"@type":"Person","@id":"https:\/\/www.anovapeneira.gal\/#\/schema\/person\/b93e3f8932e3f8da96334607eb6ac6aa","name":"Redacci\u00f3n A Nova Peneira","image":{"@type":"ImageObject","inLanguage":"gl-ES","@id":"https:\/\/secure.gravatar.com\/avatar\/c052a2551a06e23fac63626232eaa90abd78dbcf1700fc46a2b2c89fd27b735f?s=96&d=mm&r=g","url":"https:\/\/secure.gravatar.com\/avatar\/c052a2551a06e23fac63626232eaa90abd78dbcf1700fc46a2b2c89fd27b735f?s=96&d=mm&r=g","contentUrl":"https:\/\/secure.gravatar.com\/avatar\/c052a2551a06e23fac63626232eaa90abd78dbcf1700fc46a2b2c89fd27b735f?s=96&d=mm&r=g","caption":"Redacci\u00f3n A Nova Peneira"},"sameAs":["http:\/\/www.anovapeneira.gal\/"],"url":"https:\/\/www.anovapeneira.gal\/index.php\/author\/redactor\/"}]}},"jetpack_featured_media_url":"https:\/\/www.anovapeneira.gal\/wp-content\/uploads\/2023\/06\/I_certame_pintura.jpg","_links":{"self":[{"href":"https:\/\/www.anovapeneira.gal\/index.php\/wp-json\/wp\/v2\/posts\/9943","targetHints":{"allow":["GET"]}}],"collection":[{"href":"https:\/\/www.anovapeneira.gal\/index.php\/wp-json\/wp\/v2\/posts"}],"about":[{"href":"https:\/\/www.anovapeneira.gal\/index.php\/wp-json\/wp\/v2\/types\/post"}],"author":[{"embeddable":true,"href":"https:\/\/www.anovapeneira.gal\/index.php\/wp-json\/wp\/v2\/users\/3"}],"replies":[{"embeddable":true,"href":"https:\/\/www.anovapeneira.gal\/index.php\/wp-json\/wp\/v2\/comments?post=9943"}],"version-history":[{"count":1,"href":"https:\/\/www.anovapeneira.gal\/index.php\/wp-json\/wp\/v2\/posts\/9943\/revisions"}],"predecessor-version":[{"id":9944,"href":"https:\/\/www.anovapeneira.gal\/index.php\/wp-json\/wp\/v2\/posts\/9943\/revisions\/9944"}],"wp:featuredmedia":[{"embeddable":true,"href":"https:\/\/www.anovapeneira.gal\/index.php\/wp-json\/wp\/v2\/media\/9945"}],"wp:attachment":[{"href":"https:\/\/www.anovapeneira.gal\/index.php\/wp-json\/wp\/v2\/media?parent=9943"}],"wp:term":[{"taxonomy":"category","embeddable":true,"href":"https:\/\/www.anovapeneira.gal\/index.php\/wp-json\/wp\/v2\/categories?post=9943"},{"taxonomy":"post_tag","embeddable":true,"href":"https:\/\/www.anovapeneira.gal\/index.php\/wp-json\/wp\/v2\/tags?post=9943"}],"curies":[{"name":"wp","href":"https:\/\/api.w.org\/{rel}","templated":true}]}}