{"id":9950,"date":"2023-06-16T10:00:02","date_gmt":"2023-06-16T08:00:02","guid":{"rendered":"https:\/\/www.anovapeneira.gal\/?p=9950"},"modified":"2023-06-16T10:16:58","modified_gmt":"2023-06-16T08:16:58","slug":"david-alonso-secretario-xeral-do-psdeg-no-porrino","status":"publish","type":"post","link":"https:\/\/www.anovapeneira.gal\/index.php\/2023\/06\/16\/david-alonso-secretario-xeral-do-psdeg-no-porrino\/","title":{"rendered":"David Alonso Secretario Xeral do PsdeG no Porri\u00f1o"},"content":{"rendered":"\n<p><strong>Tino Lago<\/strong><\/p>\n\n\n\n<p><strong>O partido socialista de O Porri\u00f1o tivo , como era previsible, uns resultados desastrosos o pasado 28 de Maio. Xa non \u00e9 tempo de botar m\u00e1is sal nas feridas nin de seguir nun debate permanente sobre as responsabilidades que motivaron o p\u00e9simo resultado .Aos socialistas porri\u00f1eses c\u00f3mprelles tomar boa nota da mensaxe da veci\u00f1anza do Porri\u00f1o, e iniciar a necesaria catarse que lles leve o antes posible a situarse en disposici\u00f3n de ser unha alternativa de goberno. Sen d\u00fabida co liderado de David Alonso, o avogado de Cans que \u00e9 agora a cabeza visible do novo proxecto socialista, est\u00e1n no cami\u00f1o correcto. Vela\u00ed vai o que deu de si a nosa conversa con David.<\/strong><\/p>\n\n\n\n<p>\u201c <strong>O votante progresista do Porri\u00f1o non pode perder a esperanza.<\/strong><\/p>\n\n\n\n<p><strong>O Partido Socialista non lle vai defraudar\u201d<\/strong><\/p>\n\n\n\n<p><strong>De onde es ti, cal \u00e9 a t\u00faa formaci\u00f3n e como e cando se iniciou a t\u00faa relaci\u00f3n coa pol\u00edtica?<\/strong><\/p>\n\n\n\n<blockquote class=\"wp-block-quote is-layout-flow wp-block-quote-is-layout-flow\">\n<p>Eu son de Cans, actualmente vivo en San Bieito. Son avogado de formaci\u00f3n e traballo no sector dos seguros. Sempre fun unha persoa moi implicada no asociacionismo, tanto \u00e9 as\u00ed que fun presidente da Asociaci\u00f3n de veci\u00f1os e veci\u00f1as da mi\u00f1a parroquia durante 8 anos . Creo no valor da colaboraci\u00f3n colectiva como mellor forma de achegarnos o m\u00e1is posible a unha vida digna para todos. Eu estou no partido socialista porque os valores da socialdemocracia: xustiza social, igualdade , liberdade e fraternidade son os que m\u00e1is se achegan \u00e1 mi\u00f1a forma de entender a vida. A mi\u00f1a primeira experiencia pol\u00edtica foi na lista de Carrera.<\/p>\n<\/blockquote>\n\n\n\n<p><strong>Moi social dem\u00f3crata non \u00e9 que sexa?<\/strong><\/p>\n\n\n\n<blockquote class=\"wp-block-quote is-layout-flow wp-block-quote-is-layout-flow\">\n<p>Eu presenteime nesa lista co compromiso firme de Manuel Carrera de que \u00edan ser un instrumento \u00fatil e necesario para acabar coa alcald\u00eda de Nelson Santos, algo que naquel momento consideraba imprescindible para a sa\u00fade democr\u00e1tica do Porri\u00f1o.<\/p>\n<\/blockquote>\n\n\n\n<p><strong>Cando fuches presidente veci\u00f1al en Cans houbo alg\u00fan problema significativo co que te encontraras ?<\/strong><\/p>\n\n\n\n<blockquote class=\"wp-block-quote is-layout-flow wp-block-quote-is-layout-flow\">\n<p>Si, sen d\u00fabida: Rescatar os cartos da expropiaci\u00f3n polos danos causados pola autov\u00eda. Non foi nada f\u00e1cil. Consegu\u00edmolo aos dous anos de estar a\u00ed, coa inestimable colaboraci\u00f3n da alcaldesa Eva Garc\u00eda De La Torre. A partir de a\u00ed comecei unha relaci\u00f3n intensa con Eva que aos poucos me foi ga\u00f1ando para a causa socialista.<\/p>\n<\/blockquote>\n\n\n\n<p><strong>Resultoulle moi dif\u00edcil?<\/strong><\/p>\n\n\n\n<blockquote class=\"wp-block-quote is-layout-flow wp-block-quote-is-layout-flow\">\n<p>Non, foille moi f\u00e1cil. Xa che dixen que eu comparto os valores socialdem\u00f3cratas e asemade te\u00f1o antecedentes socialistas na mi\u00f1a familia. Que por certo sufriron represi\u00f3n durante o franquismo.<\/p>\n<\/blockquote>\n\n\n\n<p><strong>Fuches concelleiro de goberno este mandato, ata a dimisi\u00f3n de Eva. Que \u00e1reas levabas?<\/strong><\/p>\n\n\n\n<blockquote class=\"wp-block-quote is-layout-flow wp-block-quote-is-layout-flow\">\n<p>Emprego, Servizos, Sociais , Novas tecnolox\u00edas e turismo.<\/p>\n<\/blockquote>\n\n\n\n<p><strong>Como valoras a t\u00faa etapa no goberno do Porri\u00f1o?<\/strong><\/p>\n\n\n\n<blockquote class=\"wp-block-quote is-layout-flow wp-block-quote-is-layout-flow\">\n<p>Foi unha etapa moi dif\u00edcil, de traballo moi intenso pois a situaci\u00f3n aritm\u00e9tica do noso goberno era d\u00e9bil, pero \u00e1 vez moi bonita e de moita aprendizaxe. Eu estou moi honrado de poder tido participar nun goberno socialista do meu pobo. \u00c9 \u00e1 vez quixera expresar a mi\u00f1a satisfacci\u00f3n por ter compartido a etapa de goberno cos compa\u00f1eiros do BNG cos que en verdade tivemos moi boa sinton\u00eda.<\/p>\n<\/blockquote>\n\n\n\n<p><strong>Supo\u00f1o que a pandemia condicionar\u00eda en grande medida a acci\u00f3n de goberno?<\/strong><\/p>\n\n\n\n<blockquote class=\"wp-block-quote is-layout-flow wp-block-quote-is-layout-flow\">\n<p>E tanto que si. F\u00edxate que no Porri\u00f1o pasouse de 125 familias que precisaban a axuda dos servizos sociais do Concello a 500.Multiplicouse por 4 o que supuxo un sofre esforzo enorme que , con toda humildade, creo que atendemos de maneira m\u00e1is que digna. Foi unha \u00e9poca moi dura pero a solidariedade que amosou a sociedade civil do Porri\u00f1o foi enorme, houbo momentos incluso emocionantes.<\/p>\n<\/blockquote>\n\n\n\n<p><strong>E a relaci\u00f3n coa Xunta?<\/strong><\/p>\n\n\n\n<blockquote class=\"wp-block-quote is-layout-flow wp-block-quote-is-layout-flow\">\n<p>Moi mellorables.<\/p>\n<\/blockquote>\n\n\n\n<p><strong>A responsabilidade de que a conta 413 tivera un volume tan elevado de facturas non pagadas \u00e9 s\u00f3 do PP por bloquear eses pagos? Ou a xesti\u00f3n do voso goberno tam\u00e9n ten parte de culpa?<\/strong><\/p>\n\n\n\n<blockquote class=\"wp-block-quote is-layout-flow wp-block-quote-is-layout-flow\">\n<p>Hai que ser valente, honesto e dicir sempre a verdade. E polo tanto digo que si, que puido haber erros de xesti\u00f3n do noso goberno que contribu\u00edran a que a 413 tivese esa grande cantidade de facturas. Tam\u00e9n quero dicir que unha elevad\u00edsima porcentaxe desas facturas correspond\u00edan a traballos que si se fixeron e que se cobraron a prezo de mercado. Esas facturas estaban ben, estaban para levar a pleno e abonalas. Algunhas eran de servizos b\u00e1sicos como por exemplo a gasolina. E se non se pagaron no seu momento foi polo bloqueo do PP.<\/p>\n<\/blockquote>\n\n\n\n<p><strong>Chegamos \u00e1 dimisi\u00f3n de Eva. Por que non fostes capaces de convencer a Manuel Carrera de que votase \u00e1 candidata que presentou o Partido Socialista?<\/strong><\/p>\n\n\n\n<blockquote class=\"wp-block-quote is-layout-flow wp-block-quote-is-layout-flow\">\n<p>O problema foi na nosa casa .Esta claro que o fixemos mal. O partido non soubo detectar nin xestionar o af\u00e1n de protagonismo dunha persoa en concreto o que nos levou a unha situaci\u00f3n de todo ou nada.<\/p>\n<\/blockquote>\n\n\n\n<p><strong>Pois vaia situaci\u00f3n que tedes agora : Co PP con 16 actas de 21 todo apunta que vos espera unha longa traves\u00eda polo deserto?<\/strong><\/p>\n\n\n\n<blockquote class=\"wp-block-quote is-layout-flow wp-block-quote-is-layout-flow\">\n<p>Vai custar si. Son plenamente consciente de que non vai ser de hoxe para ma\u00f1\u00e1. Pero n\u00f3s estamos preparados e preparadas para comezar de 0, para bater sen pausa nas almas e nos coraz\u00f3ns de todas as veci\u00f1as e veci\u00f1os. E te\u00f1o a certeza de que o partido socialista volver\u00e1 gobernar O Porri\u00f1o, porque o noso modelo de sociedade \u00e9 m\u00e1is xusto , m\u00e1is humano e obt\u00e9n mellores resultados en todos os indicadores econ\u00f3micos e sociais que calquera cousa que poida ofrecer a dereita. En calquera caso eu son un corredor de fondo.<\/p>\n<\/blockquote>\n\n\n\n<p><strong>Supo\u00f1o que falas metaforicamente?<\/strong><\/p>\n\n\n\n<blockquote class=\"wp-block-quote is-layout-flow wp-block-quote-is-layout-flow\">\n<p>Si, pero tam\u00e9n no terreo da realidade concreta pois eu practiquei esa disciplina. Fixen atletismo e fac\u00eda carreiras de fondo<\/p>\n<\/blockquote>\n\n\n\n<p><strong>Ha ha ha ha. Vaiche vir ben a t\u00faa experiencia como atleta abof\u00e9. Ben, e agora toca valorar o ano e medio do primeiro mandato de Alejandro como alcalde do Porri\u00f1o?<\/strong><\/p>\n\n\n\n<blockquote class=\"wp-block-quote is-layout-flow wp-block-quote-is-layout-flow\">\n<p>Alejandro carece de proxecto para O Porri\u00f1o. Al\u00e9n dos aparcadoiros disuasorios, sen d\u00fabida unha boa medida que lle reco\u00f1ezo, s\u00f3 est\u00e1 a continuar con proxectos que xa eran do noso goberno<\/p>\n<\/blockquote>\n\n\n\n<p><strong>Por exemplo?<\/strong><\/p>\n\n\n\n<blockquote class=\"wp-block-quote is-layout-flow wp-block-quote-is-layout-flow\">\n<p>San Bieito , ou o parque da Feira. Por outra banda a xesti\u00f3n econ\u00f3mica deixa moito que desexar. Hai un gasto desmesurado para festas que ten como consecuencia recortes en aspectos b\u00e1sicos como a educaci\u00f3n e os servizos sociais. Tam\u00e9n hai outros aspectos moi censurables como por exemplo a subvenci\u00f3n para emprego de medio mill\u00f3n de \u20ac que perdemos, porque non se chegou nin a pedir.<\/p>\n<\/blockquote>\n\n\n\n<p><strong>Sobre o parque de Pio XII cal \u00e9 a t\u00faa opini\u00f3n?<\/strong><\/p>\n\n\n\n<blockquote class=\"wp-block-quote is-layout-flow wp-block-quote-is-layout-flow\">\n<p>Esa obra non a vemos. Anunciouna sen falar antes cos propietarios o que xerou un importante malestar , unha forma de proceder completamente inadecuada.<\/p>\n<\/blockquote>\n\n\n\n<p><strong>En relaci\u00f3n ao problema do Lindano?<\/strong><\/p>\n\n\n\n<blockquote class=\"wp-block-quote is-layout-flow wp-block-quote-is-layout-flow\">\n<p>Por parte do alcalde fotos e anuncios grandilocuentes pero no terreo do concreto nada. N\u00f3s ti\u00f1amos un proxecto encarrilado cunha empresa para comezar a descontaminar cun fungo. E o responsable desta empresa leva un ano e medio tratando de falar co alcalde e non o atende. \u00c9 lamentable que unha empresa nos estea ofrecendo unha posible soluci\u00f3n para este grave problema e nin sequera se lle escoite.<\/p>\n<\/blockquote>\n\n\n\n<p><strong>E do paso a nivel que tes que dicir?<\/strong><\/p>\n\n\n\n<blockquote class=\"wp-block-quote is-layout-flow wp-block-quote-is-layout-flow\">\n<p>Eu quer\u00eda que o alcalde me contestase \u00e1 seguinte pregunta: se non hai nada por que leva unha operaci\u00f3n de pr\u00e9stamo de 10 mill\u00f3ns de \u20ac para soterrar o tren?.O alcalde o que ten \u00e9 que ser leal e informar do acordo de convenio que ten enriba da s\u00faa mesa desde xullo do 2022.<\/p>\n<\/blockquote>\n\n\n\n<p><strong>O resultado das elecci\u00f3ns de maio desastroso claro?<\/strong><\/p>\n\n\n\n<blockquote class=\"wp-block-quote is-layout-flow wp-block-quote-is-layout-flow\">\n<p>Si, desde logo, non se poden cualificar de outra maneira. Volvemos \u00e1 situaci\u00f3n do 2011.E como che dixen antes estamos preparados para unha longa carreira de fondo.<\/p>\n<\/blockquote>\n\n\n\n<p><strong>Como \u00e9 o equipo que te acompa\u00f1a?<\/strong><\/p>\n\n\n\n<blockquote class=\"wp-block-quote is-layout-flow wp-block-quote-is-layout-flow\">\n<p>Persoas coas que me sinto moi c\u00f3modo e coas que \u00e9 un pracer traballar. Homes e mulleres comprometidos con Porri\u00f1o e cun perfil social moi marcado. Homes e mulleres que volveremos levar ao socialismo a gobernar O Porri\u00f1o. O votante progresista do Porri\u00f1o non pode perder a esperanza. O Partido socialista non lle vai defraudar.<\/p>\n<\/blockquote>\n\n\n\n<p><strong>E non podemos rematar sen falar do 23 X?<\/strong><\/p>\n\n\n\n<blockquote class=\"wp-block-quote is-layout-flow wp-block-quote-is-layout-flow\">\n<p>Unhas elecci\u00f3ns important\u00edsimas. Eu apelo a que o votante progresista concentre o voto no PSOE, que analice cal \u00e9 o voto \u00fatil de verdade para as pensi\u00f3ns, para a sanidade , para as rendas m\u00e1is baixas, para a educaci\u00f3n, para a vivenda, para a igualdade&#8230;..Eu apelo a que antes de votar te\u00f1amos en conta a realidade dos feitos e non a propaganda. A alternativa \u00e9 terrible: A ultradereita.<\/p>\n<\/blockquote>\n","protected":false},"excerpt":{"rendered":"<div class=\"mh-excerpt\"><p>O partido socialista de O Porri\u00f1o tivo , como era previsible, uns resultados desastrosos o pasado 28 de Maio <a class=\"mh-excerpt-more\" href=\"https:\/\/www.anovapeneira.gal\/index.php\/2023\/06\/16\/david-alonso-secretario-xeral-do-psdeg-no-porrino\/\" title=\"David Alonso Secretario Xeral do PsdeG no Porri\u00f1o\">[&#8230;]<\/a><\/p>\n<\/div>","protected":false},"author":2,"featured_media":9951,"comment_status":"open","ping_status":"open","sticky":false,"template":"","format":"standard","meta":{"_exactmetrics_skip_tracking":false,"_exactmetrics_sitenote_active":false,"_exactmetrics_sitenote_note":"","_exactmetrics_sitenote_category":0,"footnotes":""},"categories":[265],"tags":[411],"class_list":{"0":"post-9950","1":"post","2":"type-post","3":"status-publish","4":"format-standard","5":"has-post-thumbnail","7":"category-a-lourina-entrevistas","8":"tag-concello-do-porrino"},"yoast_head":"<!-- This site is optimized with the Yoast SEO plugin v27.4 - https:\/\/yoast.com\/product\/yoast-seo-wordpress\/ -->\n<title>David Alonso Secretario Xeral do PsdeG no Porri\u00f1o -<\/title>\n<meta name=\"description\" content=\"O partido socialista de O Porri\u00f1o tivo , como era previsible, uns resultados desastrosos o pasado 28 de Maio\" \/>\n<meta name=\"robots\" content=\"index, follow, max-snippet:-1, max-image-preview:large, max-video-preview:-1\" \/>\n<link rel=\"canonical\" href=\"https:\/\/www.anovapeneira.gal\/index.php\/2023\/06\/16\/david-alonso-secretario-xeral-do-psdeg-no-porrino\/\" \/>\n<meta property=\"og:locale\" content=\"gl_ES\" \/>\n<meta property=\"og:type\" content=\"article\" \/>\n<meta property=\"og:title\" content=\"David Alonso Secretario Xeral do PsdeG no Porri\u00f1o -\" \/>\n<meta property=\"og:description\" content=\"O partido socialista de O Porri\u00f1o tivo , como era previsible, uns resultados desastrosos o pasado 28 de Maio\" \/>\n<meta property=\"og:url\" content=\"https:\/\/www.anovapeneira.gal\/index.php\/2023\/06\/16\/david-alonso-secretario-xeral-do-psdeg-no-porrino\/\" \/>\n<meta property=\"article:publisher\" content=\"https:\/\/www.facebook.com\/anovapeneira\" \/>\n<meta property=\"article:published_time\" content=\"2023-06-16T08:00:02+00:00\" \/>\n<meta property=\"article:modified_time\" content=\"2023-06-16T08:16:58+00:00\" \/>\n<meta property=\"og:image\" content=\"https:\/\/www.anovapeneira.gal\/wp-content\/uploads\/2023\/06\/david_Alonso_psoe.jpg\" \/>\n\t<meta property=\"og:image:width\" content=\"720\" \/>\n\t<meta property=\"og:image:height\" content=\"432\" \/>\n\t<meta property=\"og:image:type\" content=\"image\/jpeg\" \/>\n<meta name=\"author\" content=\"Tino Lago\" \/>\n<meta name=\"twitter:card\" content=\"summary_large_image\" \/>\n<meta name=\"twitter:creator\" content=\"@APeneira\" \/>\n<meta name=\"twitter:site\" content=\"@APeneira\" \/>\n<meta name=\"twitter:label1\" content=\"Escrito por\" \/>\n\t<meta name=\"twitter:data1\" content=\"Tino Lago\" \/>\n\t<meta name=\"twitter:label2\" content=\"Tempo de lectura\" \/>\n\t<meta name=\"twitter:data2\" content=\"8 minutos\" \/>\n<script type=\"application\/ld+json\" class=\"yoast-schema-graph\">{\"@context\":\"https:\\\/\\\/schema.org\",\"@graph\":[{\"@type\":\"Article\",\"@id\":\"https:\\\/\\\/www.anovapeneira.gal\\\/index.php\\\/2023\\\/06\\\/16\\\/david-alonso-secretario-xeral-do-psdeg-no-porrino\\\/#article\",\"isPartOf\":{\"@id\":\"https:\\\/\\\/www.anovapeneira.gal\\\/index.php\\\/2023\\\/06\\\/16\\\/david-alonso-secretario-xeral-do-psdeg-no-porrino\\\/\"},\"author\":{\"name\":\"Tino Lago\",\"@id\":\"https:\\\/\\\/www.anovapeneira.gal\\\/#\\\/schema\\\/person\\\/424dfe65e3070fd8a44d22d2c088762a\"},\"headline\":\"David Alonso Secretario Xeral do PsdeG no Porri\u00f1o\",\"datePublished\":\"2023-06-16T08:00:02+00:00\",\"dateModified\":\"2023-06-16T08:16:58+00:00\",\"mainEntityOfPage\":{\"@id\":\"https:\\\/\\\/www.anovapeneira.gal\\\/index.php\\\/2023\\\/06\\\/16\\\/david-alonso-secretario-xeral-do-psdeg-no-porrino\\\/\"},\"wordCount\":1495,\"commentCount\":0,\"publisher\":{\"@id\":\"https:\\\/\\\/www.anovapeneira.gal\\\/#organization\"},\"image\":{\"@id\":\"https:\\\/\\\/www.anovapeneira.gal\\\/index.php\\\/2023\\\/06\\\/16\\\/david-alonso-secretario-xeral-do-psdeg-no-porrino\\\/#primaryimage\"},\"thumbnailUrl\":\"https:\\\/\\\/www.anovapeneira.gal\\\/wp-content\\\/uploads\\\/2023\\\/06\\\/david_Alonso_psoe.jpg\",\"keywords\":[\"Concello do Porri\u00f1o\"],\"articleSection\":[\"A Louri\u00f1a\"],\"inLanguage\":\"gl-ES\",\"potentialAction\":[{\"@type\":\"CommentAction\",\"name\":\"Comment\",\"target\":[\"https:\\\/\\\/www.anovapeneira.gal\\\/index.php\\\/2023\\\/06\\\/16\\\/david-alonso-secretario-xeral-do-psdeg-no-porrino\\\/#respond\"]}]},{\"@type\":\"WebPage\",\"@id\":\"https:\\\/\\\/www.anovapeneira.gal\\\/index.php\\\/2023\\\/06\\\/16\\\/david-alonso-secretario-xeral-do-psdeg-no-porrino\\\/\",\"url\":\"https:\\\/\\\/www.anovapeneira.gal\\\/index.php\\\/2023\\\/06\\\/16\\\/david-alonso-secretario-xeral-do-psdeg-no-porrino\\\/\",\"name\":\"David Alonso Secretario Xeral do PsdeG no Porri\u00f1o -\",\"isPartOf\":{\"@id\":\"https:\\\/\\\/www.anovapeneira.gal\\\/#website\"},\"primaryImageOfPage\":{\"@id\":\"https:\\\/\\\/www.anovapeneira.gal\\\/index.php\\\/2023\\\/06\\\/16\\\/david-alonso-secretario-xeral-do-psdeg-no-porrino\\\/#primaryimage\"},\"image\":{\"@id\":\"https:\\\/\\\/www.anovapeneira.gal\\\/index.php\\\/2023\\\/06\\\/16\\\/david-alonso-secretario-xeral-do-psdeg-no-porrino\\\/#primaryimage\"},\"thumbnailUrl\":\"https:\\\/\\\/www.anovapeneira.gal\\\/wp-content\\\/uploads\\\/2023\\\/06\\\/david_Alonso_psoe.jpg\",\"datePublished\":\"2023-06-16T08:00:02+00:00\",\"dateModified\":\"2023-06-16T08:16:58+00:00\",\"description\":\"O partido socialista de O Porri\u00f1o tivo , como era previsible, uns resultados desastrosos o pasado 28 de Maio\",\"breadcrumb\":{\"@id\":\"https:\\\/\\\/www.anovapeneira.gal\\\/index.php\\\/2023\\\/06\\\/16\\\/david-alonso-secretario-xeral-do-psdeg-no-porrino\\\/#breadcrumb\"},\"inLanguage\":\"gl-ES\",\"potentialAction\":[{\"@type\":\"ReadAction\",\"target\":[\"https:\\\/\\\/www.anovapeneira.gal\\\/index.php\\\/2023\\\/06\\\/16\\\/david-alonso-secretario-xeral-do-psdeg-no-porrino\\\/\"]}]},{\"@type\":\"ImageObject\",\"inLanguage\":\"gl-ES\",\"@id\":\"https:\\\/\\\/www.anovapeneira.gal\\\/index.php\\\/2023\\\/06\\\/16\\\/david-alonso-secretario-xeral-do-psdeg-no-porrino\\\/#primaryimage\",\"url\":\"https:\\\/\\\/www.anovapeneira.gal\\\/wp-content\\\/uploads\\\/2023\\\/06\\\/david_Alonso_psoe.jpg\",\"contentUrl\":\"https:\\\/\\\/www.anovapeneira.gal\\\/wp-content\\\/uploads\\\/2023\\\/06\\\/david_Alonso_psoe.jpg\",\"width\":720,\"height\":432,\"caption\":\"David Alonso Secretario Xeral do PsdeG no Porri\u00f1o\"},{\"@type\":\"BreadcrumbList\",\"@id\":\"https:\\\/\\\/www.anovapeneira.gal\\\/index.php\\\/2023\\\/06\\\/16\\\/david-alonso-secretario-xeral-do-psdeg-no-porrino\\\/#breadcrumb\",\"itemListElement\":[{\"@type\":\"ListItem\",\"position\":1,\"name\":\"Portada\",\"item\":\"https:\\\/\\\/www.anovapeneira.gal\\\/\"},{\"@type\":\"ListItem\",\"position\":2,\"name\":\"David Alonso Secretario Xeral do PsdeG no Porri\u00f1o\"}]},{\"@type\":\"WebSite\",\"@id\":\"https:\\\/\\\/www.anovapeneira.gal\\\/#website\",\"url\":\"https:\\\/\\\/www.anovapeneira.gal\\\/\",\"name\":\"\",\"description\":\"Xornal galego de informaci\u00f3n xeral Publicaci\u00f3n mensual de novas de Galicia e en especial dos Concellos da sur da provincia de Pontevedra.\",\"publisher\":{\"@id\":\"https:\\\/\\\/www.anovapeneira.gal\\\/#organization\"},\"potentialAction\":[{\"@type\":\"SearchAction\",\"target\":{\"@type\":\"EntryPoint\",\"urlTemplate\":\"https:\\\/\\\/www.anovapeneira.gal\\\/?s={search_term_string}\"},\"query-input\":{\"@type\":\"PropertyValueSpecification\",\"valueRequired\":true,\"valueName\":\"search_term_string\"}}],\"inLanguage\":\"gl-ES\"},{\"@type\":\"Organization\",\"@id\":\"https:\\\/\\\/www.anovapeneira.gal\\\/#organization\",\"name\":\"A Nova Peneira\",\"url\":\"https:\\\/\\\/www.anovapeneira.gal\\\/\",\"logo\":{\"@type\":\"ImageObject\",\"inLanguage\":\"gl-ES\",\"@id\":\"https:\\\/\\\/www.anovapeneira.gal\\\/#\\\/schema\\\/logo\\\/image\\\/\",\"url\":\"http:\\\/\\\/www.anovapeneira.gal\\\/wp-content\\\/uploads\\\/2019\\\/06\\\/logo_a_nova_peneira_portal_web.png\",\"contentUrl\":\"http:\\\/\\\/www.anovapeneira.gal\\\/wp-content\\\/uploads\\\/2019\\\/06\\\/logo_a_nova_peneira_portal_web.png\",\"width\":300,\"height\":100,\"caption\":\"A Nova Peneira\"},\"image\":{\"@id\":\"https:\\\/\\\/www.anovapeneira.gal\\\/#\\\/schema\\\/logo\\\/image\\\/\"},\"sameAs\":[\"https:\\\/\\\/www.facebook.com\\\/anovapeneira\",\"https:\\\/\\\/x.com\\\/APeneira\"]},{\"@type\":\"Person\",\"@id\":\"https:\\\/\\\/www.anovapeneira.gal\\\/#\\\/schema\\\/person\\\/424dfe65e3070fd8a44d22d2c088762a\",\"name\":\"Tino Lago\",\"image\":{\"@type\":\"ImageObject\",\"inLanguage\":\"gl-ES\",\"@id\":\"https:\\\/\\\/secure.gravatar.com\\\/avatar\\\/b3df6a06e44bab3111583b90f0f33a0379ee5e3d22cbadd232d39f21c30c62be?s=96&d=mm&r=g\",\"url\":\"https:\\\/\\\/secure.gravatar.com\\\/avatar\\\/b3df6a06e44bab3111583b90f0f33a0379ee5e3d22cbadd232d39f21c30c62be?s=96&d=mm&r=g\",\"contentUrl\":\"https:\\\/\\\/secure.gravatar.com\\\/avatar\\\/b3df6a06e44bab3111583b90f0f33a0379ee5e3d22cbadd232d39f21c30c62be?s=96&d=mm&r=g\",\"caption\":\"Tino Lago\"},\"sameAs\":[\"http:\\\/\\\/www.anovapeneira.gal\"],\"url\":\"https:\\\/\\\/www.anovapeneira.gal\\\/index.php\\\/author\\\/director\\\/\"}]}<\/script>\n<!-- \/ Yoast SEO plugin. -->","yoast_head_json":{"title":"David Alonso Secretario Xeral do PsdeG no Porri\u00f1o -","description":"O partido socialista de O Porri\u00f1o tivo , como era previsible, uns resultados desastrosos o pasado 28 de Maio","robots":{"index":"index","follow":"follow","max-snippet":"max-snippet:-1","max-image-preview":"max-image-preview:large","max-video-preview":"max-video-preview:-1"},"canonical":"https:\/\/www.anovapeneira.gal\/index.php\/2023\/06\/16\/david-alonso-secretario-xeral-do-psdeg-no-porrino\/","og_locale":"gl_ES","og_type":"article","og_title":"David Alonso Secretario Xeral do PsdeG no Porri\u00f1o -","og_description":"O partido socialista de O Porri\u00f1o tivo , como era previsible, uns resultados desastrosos o pasado 28 de Maio","og_url":"https:\/\/www.anovapeneira.gal\/index.php\/2023\/06\/16\/david-alonso-secretario-xeral-do-psdeg-no-porrino\/","article_publisher":"https:\/\/www.facebook.com\/anovapeneira","article_published_time":"2023-06-16T08:00:02+00:00","article_modified_time":"2023-06-16T08:16:58+00:00","og_image":[{"width":720,"height":432,"url":"https:\/\/www.anovapeneira.gal\/wp-content\/uploads\/2023\/06\/david_Alonso_psoe.jpg","type":"image\/jpeg"}],"author":"Tino Lago","twitter_card":"summary_large_image","twitter_creator":"@APeneira","twitter_site":"@APeneira","twitter_misc":{"Escrito por":"Tino Lago","Tempo de lectura":"8 minutos"},"schema":{"@context":"https:\/\/schema.org","@graph":[{"@type":"Article","@id":"https:\/\/www.anovapeneira.gal\/index.php\/2023\/06\/16\/david-alonso-secretario-xeral-do-psdeg-no-porrino\/#article","isPartOf":{"@id":"https:\/\/www.anovapeneira.gal\/index.php\/2023\/06\/16\/david-alonso-secretario-xeral-do-psdeg-no-porrino\/"},"author":{"name":"Tino Lago","@id":"https:\/\/www.anovapeneira.gal\/#\/schema\/person\/424dfe65e3070fd8a44d22d2c088762a"},"headline":"David Alonso Secretario Xeral do PsdeG no Porri\u00f1o","datePublished":"2023-06-16T08:00:02+00:00","dateModified":"2023-06-16T08:16:58+00:00","mainEntityOfPage":{"@id":"https:\/\/www.anovapeneira.gal\/index.php\/2023\/06\/16\/david-alonso-secretario-xeral-do-psdeg-no-porrino\/"},"wordCount":1495,"commentCount":0,"publisher":{"@id":"https:\/\/www.anovapeneira.gal\/#organization"},"image":{"@id":"https:\/\/www.anovapeneira.gal\/index.php\/2023\/06\/16\/david-alonso-secretario-xeral-do-psdeg-no-porrino\/#primaryimage"},"thumbnailUrl":"https:\/\/www.anovapeneira.gal\/wp-content\/uploads\/2023\/06\/david_Alonso_psoe.jpg","keywords":["Concello do Porri\u00f1o"],"articleSection":["A Louri\u00f1a"],"inLanguage":"gl-ES","potentialAction":[{"@type":"CommentAction","name":"Comment","target":["https:\/\/www.anovapeneira.gal\/index.php\/2023\/06\/16\/david-alonso-secretario-xeral-do-psdeg-no-porrino\/#respond"]}]},{"@type":"WebPage","@id":"https:\/\/www.anovapeneira.gal\/index.php\/2023\/06\/16\/david-alonso-secretario-xeral-do-psdeg-no-porrino\/","url":"https:\/\/www.anovapeneira.gal\/index.php\/2023\/06\/16\/david-alonso-secretario-xeral-do-psdeg-no-porrino\/","name":"David Alonso Secretario Xeral do PsdeG no Porri\u00f1o -","isPartOf":{"@id":"https:\/\/www.anovapeneira.gal\/#website"},"primaryImageOfPage":{"@id":"https:\/\/www.anovapeneira.gal\/index.php\/2023\/06\/16\/david-alonso-secretario-xeral-do-psdeg-no-porrino\/#primaryimage"},"image":{"@id":"https:\/\/www.anovapeneira.gal\/index.php\/2023\/06\/16\/david-alonso-secretario-xeral-do-psdeg-no-porrino\/#primaryimage"},"thumbnailUrl":"https:\/\/www.anovapeneira.gal\/wp-content\/uploads\/2023\/06\/david_Alonso_psoe.jpg","datePublished":"2023-06-16T08:00:02+00:00","dateModified":"2023-06-16T08:16:58+00:00","description":"O partido socialista de O Porri\u00f1o tivo , como era previsible, uns resultados desastrosos o pasado 28 de Maio","breadcrumb":{"@id":"https:\/\/www.anovapeneira.gal\/index.php\/2023\/06\/16\/david-alonso-secretario-xeral-do-psdeg-no-porrino\/#breadcrumb"},"inLanguage":"gl-ES","potentialAction":[{"@type":"ReadAction","target":["https:\/\/www.anovapeneira.gal\/index.php\/2023\/06\/16\/david-alonso-secretario-xeral-do-psdeg-no-porrino\/"]}]},{"@type":"ImageObject","inLanguage":"gl-ES","@id":"https:\/\/www.anovapeneira.gal\/index.php\/2023\/06\/16\/david-alonso-secretario-xeral-do-psdeg-no-porrino\/#primaryimage","url":"https:\/\/www.anovapeneira.gal\/wp-content\/uploads\/2023\/06\/david_Alonso_psoe.jpg","contentUrl":"https:\/\/www.anovapeneira.gal\/wp-content\/uploads\/2023\/06\/david_Alonso_psoe.jpg","width":720,"height":432,"caption":"David Alonso Secretario Xeral do PsdeG no Porri\u00f1o"},{"@type":"BreadcrumbList","@id":"https:\/\/www.anovapeneira.gal\/index.php\/2023\/06\/16\/david-alonso-secretario-xeral-do-psdeg-no-porrino\/#breadcrumb","itemListElement":[{"@type":"ListItem","position":1,"name":"Portada","item":"https:\/\/www.anovapeneira.gal\/"},{"@type":"ListItem","position":2,"name":"David Alonso Secretario Xeral do PsdeG no Porri\u00f1o"}]},{"@type":"WebSite","@id":"https:\/\/www.anovapeneira.gal\/#website","url":"https:\/\/www.anovapeneira.gal\/","name":"","description":"Xornal galego de informaci\u00f3n xeral Publicaci\u00f3n mensual de novas de Galicia e en especial dos Concellos da sur da provincia de Pontevedra.","publisher":{"@id":"https:\/\/www.anovapeneira.gal\/#organization"},"potentialAction":[{"@type":"SearchAction","target":{"@type":"EntryPoint","urlTemplate":"https:\/\/www.anovapeneira.gal\/?s={search_term_string}"},"query-input":{"@type":"PropertyValueSpecification","valueRequired":true,"valueName":"search_term_string"}}],"inLanguage":"gl-ES"},{"@type":"Organization","@id":"https:\/\/www.anovapeneira.gal\/#organization","name":"A Nova Peneira","url":"https:\/\/www.anovapeneira.gal\/","logo":{"@type":"ImageObject","inLanguage":"gl-ES","@id":"https:\/\/www.anovapeneira.gal\/#\/schema\/logo\/image\/","url":"http:\/\/www.anovapeneira.gal\/wp-content\/uploads\/2019\/06\/logo_a_nova_peneira_portal_web.png","contentUrl":"http:\/\/www.anovapeneira.gal\/wp-content\/uploads\/2019\/06\/logo_a_nova_peneira_portal_web.png","width":300,"height":100,"caption":"A Nova Peneira"},"image":{"@id":"https:\/\/www.anovapeneira.gal\/#\/schema\/logo\/image\/"},"sameAs":["https:\/\/www.facebook.com\/anovapeneira","https:\/\/x.com\/APeneira"]},{"@type":"Person","@id":"https:\/\/www.anovapeneira.gal\/#\/schema\/person\/424dfe65e3070fd8a44d22d2c088762a","name":"Tino Lago","image":{"@type":"ImageObject","inLanguage":"gl-ES","@id":"https:\/\/secure.gravatar.com\/avatar\/b3df6a06e44bab3111583b90f0f33a0379ee5e3d22cbadd232d39f21c30c62be?s=96&d=mm&r=g","url":"https:\/\/secure.gravatar.com\/avatar\/b3df6a06e44bab3111583b90f0f33a0379ee5e3d22cbadd232d39f21c30c62be?s=96&d=mm&r=g","contentUrl":"https:\/\/secure.gravatar.com\/avatar\/b3df6a06e44bab3111583b90f0f33a0379ee5e3d22cbadd232d39f21c30c62be?s=96&d=mm&r=g","caption":"Tino Lago"},"sameAs":["http:\/\/www.anovapeneira.gal"],"url":"https:\/\/www.anovapeneira.gal\/index.php\/author\/director\/"}]}},"jetpack_featured_media_url":"https:\/\/www.anovapeneira.gal\/wp-content\/uploads\/2023\/06\/david_Alonso_psoe.jpg","_links":{"self":[{"href":"https:\/\/www.anovapeneira.gal\/index.php\/wp-json\/wp\/v2\/posts\/9950","targetHints":{"allow":["GET"]}}],"collection":[{"href":"https:\/\/www.anovapeneira.gal\/index.php\/wp-json\/wp\/v2\/posts"}],"about":[{"href":"https:\/\/www.anovapeneira.gal\/index.php\/wp-json\/wp\/v2\/types\/post"}],"author":[{"embeddable":true,"href":"https:\/\/www.anovapeneira.gal\/index.php\/wp-json\/wp\/v2\/users\/2"}],"replies":[{"embeddable":true,"href":"https:\/\/www.anovapeneira.gal\/index.php\/wp-json\/wp\/v2\/comments?post=9950"}],"version-history":[{"count":1,"href":"https:\/\/www.anovapeneira.gal\/index.php\/wp-json\/wp\/v2\/posts\/9950\/revisions"}],"predecessor-version":[{"id":9952,"href":"https:\/\/www.anovapeneira.gal\/index.php\/wp-json\/wp\/v2\/posts\/9950\/revisions\/9952"}],"wp:featuredmedia":[{"embeddable":true,"href":"https:\/\/www.anovapeneira.gal\/index.php\/wp-json\/wp\/v2\/media\/9951"}],"wp:attachment":[{"href":"https:\/\/www.anovapeneira.gal\/index.php\/wp-json\/wp\/v2\/media?parent=9950"}],"wp:term":[{"taxonomy":"category","embeddable":true,"href":"https:\/\/www.anovapeneira.gal\/index.php\/wp-json\/wp\/v2\/categories?post=9950"},{"taxonomy":"post_tag","embeddable":true,"href":"https:\/\/www.anovapeneira.gal\/index.php\/wp-json\/wp\/v2\/tags?post=9950"}],"curies":[{"name":"wp","href":"https:\/\/api.w.org\/{rel}","templated":true}]}}