{"id":9955,"date":"2023-06-19T10:00:22","date_gmt":"2023-06-19T08:00:22","guid":{"rendered":"https:\/\/www.anovapeneira.gal\/?p=9955"},"modified":"2023-06-14T14:00:49","modified_gmt":"2023-06-14T12:00:49","slug":"eleccions-na-comunidade-de-montes","status":"publish","type":"post","link":"https:\/\/www.anovapeneira.gal\/index.php\/2023\/06\/19\/eleccions-na-comunidade-de-montes\/","title":{"rendered":"Elecci\u00f3ns na comunidade de montes"},"content":{"rendered":"\n<figure class=\"wp-block-image size-full is-resized\"><img loading=\"lazy\" decoding=\"async\" src=\"https:\/\/www.anovapeneira.gal\/wp-content\/uploads\/2020\/03\/mestre_ceip_salvaterra_a_nova_peneira.jpg\" alt=\"Xo\u00e1n Carlos Caballero\" class=\"wp-image-2693\" width=\"95\" height=\"111\"\/><figcaption class=\"wp-element-caption\">Xo\u00e1n Carlos Caballero\n&#8211; Mestre no CEIP de Salvaterra<\/figcaption><\/figure>\n\n\n\n<p>A xunta directiva de montes en man com\u00fan negociara con Euskadi N\u00facleo Central do Eucalipto (ENCE) para que esta organizaci\u00f3n deixara de bombardear os montes co esta \u00e1rbore, cuxas follas semellan unha gada\u00f1a. Anos despois deste acordo, unha veci\u00f1a decidiu resucitar o fantasma das especies invasoras, cando nas nosas parroquias non quedaban m\u00e1is que soutos e carballeiras. Non contenta con iso, tam\u00e9n foi quen de convencer aos veci\u00f1os de que os casti\u00f1eiros e carballos estaban en risco de desaparici\u00f3n pola praga do nematodo, que afecta s\u00f3 aos pi\u00f1eiros, coa clara intenci\u00f3n de favorecer \u00e1 tenda de fitosanitarios que o seu irm\u00e1 ti\u00f1a na praza de abastos. Non hai d\u00fabida de que atesoura virtudes que un pol\u00edtico con madeira de l\u00edder debe de ter. A s\u00faa t\u00e9cnica de engano, persuasi\u00f3n e convencemento est\u00e1n a altura de calquera candidat@, da dereita mentirosa e tramposa, que te\u00f1a intenci\u00f3n de converterse no m\u00e1ximo dirixente dunha naci\u00f3n.<\/p>\n\n\n\n<p>Pouco despois de presentar a s\u00faa candidatura para presidir a comunidade, o que non sorprendeu a ningu\u00e9n, tivo a desgracia de enviuvar. Pero isto non condicionou a s\u00faa determinaci\u00f3n de converterse en presidenta. Na primeira reuni\u00f3n que convocou para explicar as s\u00faas propostas, os veci\u00f1os preocup\u00e1ronse polo seu estado de \u00e1nimo e pregunt\u00e1ronlle pola repentina morte do seu compa\u00f1eiro.<\/p>\n\n\n\n<p>Fiel aos seus principios de priorizar os problemas segundo a s\u00faa gravidade e de inventalos cando non existen, respondeu que os xabar\u00edns com\u00e9ranlle as verzas, que lle desaparecera o can, que lle cortaran a luz por impagamento, que a s\u00faa filla engordara 25 quilos e por \u00faltimo mencionou ao seu marido, sen dar m\u00e1is detalles. Continuou dicindo que a misi\u00f3n do can era vixiar que ningu\u00e9n entrara na finca a coller as verzas, pero cando este viu os xabar\u00edns, fuxiu a fume de carozo.<\/p>\n\n\n\n<p>Os veci\u00f1os asombrados coa resposta volveron preguntarlle por Paulo, que as\u00ed se chamaba o defunto.<\/p>\n\n\n\n<p><em>\u2014<\/em>A mi\u00f1a filla para aplacar a ansiedade que lle produzo a desaparici\u00f3n dun ser tan sensible, querido e ao que estaba moi unida, come sen acougo e non deixa de rezar para que Dios te\u00f1a a Rin Tin Tin na s\u00faa gloria.<\/p>\n\n\n\n<p>\u2014Xa sabes Sabela que as desgracias nunca ve\u00f1en soas, pero que aconteceu co teu home? <em>\u2014<\/em>insistiu intrigado o probable futuro tesoureiro da comunidade.<\/p>\n\n\n\n<p>\u2014Por si fora pouco cort\u00e1ronme a luz! Polas noites, na casa, tropezo con todo e o loito que levo \u00e9 para disimular os negr\u00f3ns.<\/p>\n\n\n\n<p>Asombrado ante a displicencia, incid\u00edn en preguntarlle unha vez m\u00e1is polo marido.<\/p>\n\n\n\n<p>\u2014O se\u00f1or do que vostede me fala ingresou nunha cl\u00ednica para operarse de varices e sa\u00edu nunha caixa de madeira. Pero a operaci\u00f3n foi un \u00e9xito <em>\u2014<\/em>contestou<em><\/em><\/p>\n\n\n\n<p>\u2014Como un \u00e9xito?<\/p>\n\n\n\n<p><em>\u2014<\/em>A cirurx\u00eda realizouse en streaming con tecnolox\u00eda 5G. Foi monitorizada dende varios pa\u00edses e portada do Journal of the American Medical Association.<\/p>\n\n\n\n<p>Unha vez dito isto decidiu comezar coa asemblea onde presentou as s\u00faas medidas estrela:<\/p>\n\n\n\n<p>1- Derrogaci\u00f3n dos estatutos da anterior xunta directiva.<\/p>\n\n\n\n<p>2- Flexibilizar os controis de plantaci\u00f3n de eucalipto.<\/p>\n\n\n\n<p>3- Flexibilizar o uso de herbicidas para evitar os gastos que para a comunidade supu\u00f1a o desbroce do monte.<\/p>\n\n\n\n<p>4- Colocar unha maceta no balc\u00f3n.<\/p>\n\n\n\n<p>Antes de marchar, en petite comit\u00e9, laiouse de que os xabar\u00edns, o timo ib\u00e9rico e o conseguinte aumento do prezo megavatio-hora (as plantas necesitan moita luz el\u00e9ctrica para mellorar as colleitas) levaran o seu negocio agr\u00edcola \u00e1 ru\u00edna.<\/p>\n\n\n\n<p>Derrogaci\u00f3n, flexibilizaci\u00f3n, austeridade e sobriedade na xesti\u00f3n dos cartos Con estas catro palabras que repet\u00eda machaconamente, foi quen de convencer ao 90% dos socios.<\/p>\n\n\n\n<p>A semana seguinte da votaci\u00f3n, un arrep\u00edo percorreume o corpo tras ler no xornal o seguinte titular: \u201cUnha narcotraficante morre manipulando un cepo para atrapar porcos bravos\u201d. A continuaci\u00f3n deslicei o \u00edndice pola lingua, pasei p\u00e1xina e apliquei a t\u00e9cnica de priorizar o irrelevante pensando en si ser\u00edan os marr\u00e1ns que, co subid\u00f3n de \u201cverzas\u201d, conseguiron posicionarse en bipedestaci\u00f3n e colarse noutra festa: A festa da democracia.<\/p>\n","protected":false},"excerpt":{"rendered":"<div class=\"mh-excerpt\"><p>A xunta directiva de montes en man com\u00fan negociara con Euskadi N\u00facleo Central do Eucalipto (ENCE) para que esta organizaci\u00f3n deixara de bombardear os montes co esta \u00e1rbore, <a class=\"mh-excerpt-more\" href=\"https:\/\/www.anovapeneira.gal\/index.php\/2023\/06\/19\/eleccions-na-comunidade-de-montes\/\" title=\"Elecci\u00f3ns na comunidade de montes\">[&#8230;]<\/a><\/p>\n<\/div>","protected":false},"author":22,"featured_media":584,"comment_status":"open","ping_status":"open","sticky":false,"template":"","format":"standard","meta":{"_exactmetrics_skip_tracking":false,"_exactmetrics_sitenote_active":false,"_exactmetrics_sitenote_note":"","_exactmetrics_sitenote_category":0,"footnotes":""},"categories":[7],"tags":[],"class_list":{"0":"post-9955","1":"post","2":"type-post","3":"status-publish","4":"format-standard","5":"has-post-thumbnail","7":"category-artigos-de-opinion"},"yoast_head":"<!-- This site is optimized with the Yoast SEO plugin v27.4 - https:\/\/yoast.com\/product\/yoast-seo-wordpress\/ -->\n<title>Elecci\u00f3ns na comunidade de montes -<\/title>\n<meta name=\"description\" content=\"A xunta directiva de montes en man com\u00fan negociara con Euskadi N\u00facleo Central do Eucalipto (ENCE) para que esta organizaci\u00f3n deixara de bombardear os montes co esta \u00e1rbore\" \/>\n<meta name=\"robots\" content=\"index, follow, max-snippet:-1, max-image-preview:large, max-video-preview:-1\" \/>\n<link rel=\"canonical\" href=\"https:\/\/www.anovapeneira.gal\/index.php\/2023\/06\/19\/eleccions-na-comunidade-de-montes\/\" \/>\n<meta property=\"og:locale\" content=\"gl_ES\" \/>\n<meta property=\"og:type\" content=\"article\" \/>\n<meta property=\"og:title\" content=\"Elecci\u00f3ns na comunidade de montes -\" \/>\n<meta property=\"og:description\" content=\"A xunta directiva de montes en man com\u00fan negociara con Euskadi N\u00facleo Central do Eucalipto (ENCE) para que esta organizaci\u00f3n deixara de bombardear os montes co esta \u00e1rbore\" \/>\n<meta property=\"og:url\" content=\"https:\/\/www.anovapeneira.gal\/index.php\/2023\/06\/19\/eleccions-na-comunidade-de-montes\/\" \/>\n<meta property=\"article:publisher\" content=\"https:\/\/www.facebook.com\/anovapeneira\" \/>\n<meta property=\"article:published_time\" content=\"2023-06-19T08:00:22+00:00\" \/>\n<meta property=\"og:image\" content=\"https:\/\/www.anovapeneira.gal\/wp-content\/uploads\/2019\/07\/ARTIGO_DE_OPINION_A_NOVA_PENEIRA.jpg\" \/>\n\t<meta property=\"og:image:width\" content=\"720\" \/>\n\t<meta property=\"og:image:height\" content=\"473\" \/>\n\t<meta property=\"og:image:type\" content=\"image\/jpeg\" \/>\n<meta name=\"author\" content=\"Xo\u00e1n Carlos Caballero\" \/>\n<meta name=\"twitter:card\" content=\"summary_large_image\" \/>\n<meta name=\"twitter:image\" content=\"https:\/\/www.anovapeneira.gal\/wp-content\/uploads\/2019\/07\/ARTIGO_DE_OPINION_A_NOVA_PENEIRA.jpg\" \/>\n<meta name=\"twitter:creator\" content=\"@APeneira\" \/>\n<meta name=\"twitter:site\" content=\"@APeneira\" \/>\n<meta name=\"twitter:label1\" content=\"Escrito por\" \/>\n\t<meta name=\"twitter:data1\" content=\"Xo\u00e1n Carlos Caballero\" \/>\n\t<meta name=\"twitter:label2\" content=\"Tempo de lectura\" \/>\n\t<meta name=\"twitter:data2\" content=\"4 minutos\" \/>\n<script type=\"application\/ld+json\" class=\"yoast-schema-graph\">{\"@context\":\"https:\\\/\\\/schema.org\",\"@graph\":[{\"@type\":\"Article\",\"@id\":\"https:\\\/\\\/www.anovapeneira.gal\\\/index.php\\\/2023\\\/06\\\/19\\\/eleccions-na-comunidade-de-montes\\\/#article\",\"isPartOf\":{\"@id\":\"https:\\\/\\\/www.anovapeneira.gal\\\/index.php\\\/2023\\\/06\\\/19\\\/eleccions-na-comunidade-de-montes\\\/\"},\"author\":{\"name\":\"Xo\u00e1n Carlos Caballero\",\"@id\":\"https:\\\/\\\/www.anovapeneira.gal\\\/#\\\/schema\\\/person\\\/1b50ea4c70279e2639668c02bf1674e5\"},\"headline\":\"Elecci\u00f3ns na comunidade de montes\",\"datePublished\":\"2023-06-19T08:00:22+00:00\",\"mainEntityOfPage\":{\"@id\":\"https:\\\/\\\/www.anovapeneira.gal\\\/index.php\\\/2023\\\/06\\\/19\\\/eleccions-na-comunidade-de-montes\\\/\"},\"wordCount\":740,\"commentCount\":0,\"publisher\":{\"@id\":\"https:\\\/\\\/www.anovapeneira.gal\\\/#organization\"},\"image\":{\"@id\":\"https:\\\/\\\/www.anovapeneira.gal\\\/index.php\\\/2023\\\/06\\\/19\\\/eleccions-na-comunidade-de-montes\\\/#primaryimage\"},\"thumbnailUrl\":\"https:\\\/\\\/www.anovapeneira.gal\\\/wp-content\\\/uploads\\\/2019\\\/07\\\/ARTIGO_DE_OPINION_A_NOVA_PENEIRA.jpg\",\"articleSection\":[\"Artigos de opini\u00f3n\"],\"inLanguage\":\"gl-ES\",\"potentialAction\":[{\"@type\":\"CommentAction\",\"name\":\"Comment\",\"target\":[\"https:\\\/\\\/www.anovapeneira.gal\\\/index.php\\\/2023\\\/06\\\/19\\\/eleccions-na-comunidade-de-montes\\\/#respond\"]}]},{\"@type\":\"WebPage\",\"@id\":\"https:\\\/\\\/www.anovapeneira.gal\\\/index.php\\\/2023\\\/06\\\/19\\\/eleccions-na-comunidade-de-montes\\\/\",\"url\":\"https:\\\/\\\/www.anovapeneira.gal\\\/index.php\\\/2023\\\/06\\\/19\\\/eleccions-na-comunidade-de-montes\\\/\",\"name\":\"Elecci\u00f3ns na comunidade de montes -\",\"isPartOf\":{\"@id\":\"https:\\\/\\\/www.anovapeneira.gal\\\/#website\"},\"primaryImageOfPage\":{\"@id\":\"https:\\\/\\\/www.anovapeneira.gal\\\/index.php\\\/2023\\\/06\\\/19\\\/eleccions-na-comunidade-de-montes\\\/#primaryimage\"},\"image\":{\"@id\":\"https:\\\/\\\/www.anovapeneira.gal\\\/index.php\\\/2023\\\/06\\\/19\\\/eleccions-na-comunidade-de-montes\\\/#primaryimage\"},\"thumbnailUrl\":\"https:\\\/\\\/www.anovapeneira.gal\\\/wp-content\\\/uploads\\\/2019\\\/07\\\/ARTIGO_DE_OPINION_A_NOVA_PENEIRA.jpg\",\"datePublished\":\"2023-06-19T08:00:22+00:00\",\"description\":\"A xunta directiva de montes en man com\u00fan negociara con Euskadi N\u00facleo Central do Eucalipto (ENCE) para que esta organizaci\u00f3n deixara de bombardear os montes co esta \u00e1rbore\",\"breadcrumb\":{\"@id\":\"https:\\\/\\\/www.anovapeneira.gal\\\/index.php\\\/2023\\\/06\\\/19\\\/eleccions-na-comunidade-de-montes\\\/#breadcrumb\"},\"inLanguage\":\"gl-ES\",\"potentialAction\":[{\"@type\":\"ReadAction\",\"target\":[\"https:\\\/\\\/www.anovapeneira.gal\\\/index.php\\\/2023\\\/06\\\/19\\\/eleccions-na-comunidade-de-montes\\\/\"]}]},{\"@type\":\"ImageObject\",\"inLanguage\":\"gl-ES\",\"@id\":\"https:\\\/\\\/www.anovapeneira.gal\\\/index.php\\\/2023\\\/06\\\/19\\\/eleccions-na-comunidade-de-montes\\\/#primaryimage\",\"url\":\"https:\\\/\\\/www.anovapeneira.gal\\\/wp-content\\\/uploads\\\/2019\\\/07\\\/ARTIGO_DE_OPINION_A_NOVA_PENEIRA.jpg\",\"contentUrl\":\"https:\\\/\\\/www.anovapeneira.gal\\\/wp-content\\\/uploads\\\/2019\\\/07\\\/ARTIGO_DE_OPINION_A_NOVA_PENEIRA.jpg\",\"width\":720,\"height\":473,\"caption\":\"Artigo de opini\u00f3n A Nova Peneira\"},{\"@type\":\"BreadcrumbList\",\"@id\":\"https:\\\/\\\/www.anovapeneira.gal\\\/index.php\\\/2023\\\/06\\\/19\\\/eleccions-na-comunidade-de-montes\\\/#breadcrumb\",\"itemListElement\":[{\"@type\":\"ListItem\",\"position\":1,\"name\":\"Portada\",\"item\":\"https:\\\/\\\/www.anovapeneira.gal\\\/\"},{\"@type\":\"ListItem\",\"position\":2,\"name\":\"Elecci\u00f3ns na comunidade de montes\"}]},{\"@type\":\"WebSite\",\"@id\":\"https:\\\/\\\/www.anovapeneira.gal\\\/#website\",\"url\":\"https:\\\/\\\/www.anovapeneira.gal\\\/\",\"name\":\"\",\"description\":\"Xornal galego de informaci\u00f3n xeral Publicaci\u00f3n mensual de novas de Galicia e en especial dos Concellos da sur da provincia de Pontevedra.\",\"publisher\":{\"@id\":\"https:\\\/\\\/www.anovapeneira.gal\\\/#organization\"},\"potentialAction\":[{\"@type\":\"SearchAction\",\"target\":{\"@type\":\"EntryPoint\",\"urlTemplate\":\"https:\\\/\\\/www.anovapeneira.gal\\\/?s={search_term_string}\"},\"query-input\":{\"@type\":\"PropertyValueSpecification\",\"valueRequired\":true,\"valueName\":\"search_term_string\"}}],\"inLanguage\":\"gl-ES\"},{\"@type\":\"Organization\",\"@id\":\"https:\\\/\\\/www.anovapeneira.gal\\\/#organization\",\"name\":\"A Nova Peneira\",\"url\":\"https:\\\/\\\/www.anovapeneira.gal\\\/\",\"logo\":{\"@type\":\"ImageObject\",\"inLanguage\":\"gl-ES\",\"@id\":\"https:\\\/\\\/www.anovapeneira.gal\\\/#\\\/schema\\\/logo\\\/image\\\/\",\"url\":\"http:\\\/\\\/www.anovapeneira.gal\\\/wp-content\\\/uploads\\\/2019\\\/06\\\/logo_a_nova_peneira_portal_web.png\",\"contentUrl\":\"http:\\\/\\\/www.anovapeneira.gal\\\/wp-content\\\/uploads\\\/2019\\\/06\\\/logo_a_nova_peneira_portal_web.png\",\"width\":300,\"height\":100,\"caption\":\"A Nova Peneira\"},\"image\":{\"@id\":\"https:\\\/\\\/www.anovapeneira.gal\\\/#\\\/schema\\\/logo\\\/image\\\/\"},\"sameAs\":[\"https:\\\/\\\/www.facebook.com\\\/anovapeneira\",\"https:\\\/\\\/x.com\\\/APeneira\"]},{\"@type\":\"Person\",\"@id\":\"https:\\\/\\\/www.anovapeneira.gal\\\/#\\\/schema\\\/person\\\/1b50ea4c70279e2639668c02bf1674e5\",\"name\":\"Xo\u00e1n Carlos Caballero\",\"image\":{\"@type\":\"ImageObject\",\"inLanguage\":\"gl-ES\",\"@id\":\"https:\\\/\\\/secure.gravatar.com\\\/avatar\\\/3527a74f68662d57f3183bf223473824f80a9c34a28b750bb59badaf22fb2f38?s=96&d=mm&r=g\",\"url\":\"https:\\\/\\\/secure.gravatar.com\\\/avatar\\\/3527a74f68662d57f3183bf223473824f80a9c34a28b750bb59badaf22fb2f38?s=96&d=mm&r=g\",\"contentUrl\":\"https:\\\/\\\/secure.gravatar.com\\\/avatar\\\/3527a74f68662d57f3183bf223473824f80a9c34a28b750bb59badaf22fb2f38?s=96&d=mm&r=g\",\"caption\":\"Xo\u00e1n Carlos Caballero\"},\"sameAs\":[\"http:\\\/\\\/anovapeneira.gal\"],\"url\":\"https:\\\/\\\/www.anovapeneira.gal\\\/index.php\\\/author\\\/xoan-carlos-caballero\\\/\"}]}<\/script>\n<!-- \/ Yoast SEO plugin. -->","yoast_head_json":{"title":"Elecci\u00f3ns na comunidade de montes -","description":"A xunta directiva de montes en man com\u00fan negociara con Euskadi N\u00facleo Central do Eucalipto (ENCE) para que esta organizaci\u00f3n deixara de bombardear os montes co esta \u00e1rbore","robots":{"index":"index","follow":"follow","max-snippet":"max-snippet:-1","max-image-preview":"max-image-preview:large","max-video-preview":"max-video-preview:-1"},"canonical":"https:\/\/www.anovapeneira.gal\/index.php\/2023\/06\/19\/eleccions-na-comunidade-de-montes\/","og_locale":"gl_ES","og_type":"article","og_title":"Elecci\u00f3ns na comunidade de montes -","og_description":"A xunta directiva de montes en man com\u00fan negociara con Euskadi N\u00facleo Central do Eucalipto (ENCE) para que esta organizaci\u00f3n deixara de bombardear os montes co esta \u00e1rbore","og_url":"https:\/\/www.anovapeneira.gal\/index.php\/2023\/06\/19\/eleccions-na-comunidade-de-montes\/","article_publisher":"https:\/\/www.facebook.com\/anovapeneira","article_published_time":"2023-06-19T08:00:22+00:00","og_image":[{"width":720,"height":473,"url":"https:\/\/www.anovapeneira.gal\/wp-content\/uploads\/2019\/07\/ARTIGO_DE_OPINION_A_NOVA_PENEIRA.jpg","type":"image\/jpeg"}],"author":"Xo\u00e1n Carlos Caballero","twitter_card":"summary_large_image","twitter_image":"https:\/\/www.anovapeneira.gal\/wp-content\/uploads\/2019\/07\/ARTIGO_DE_OPINION_A_NOVA_PENEIRA.jpg","twitter_creator":"@APeneira","twitter_site":"@APeneira","twitter_misc":{"Escrito por":"Xo\u00e1n Carlos Caballero","Tempo de lectura":"4 minutos"},"schema":{"@context":"https:\/\/schema.org","@graph":[{"@type":"Article","@id":"https:\/\/www.anovapeneira.gal\/index.php\/2023\/06\/19\/eleccions-na-comunidade-de-montes\/#article","isPartOf":{"@id":"https:\/\/www.anovapeneira.gal\/index.php\/2023\/06\/19\/eleccions-na-comunidade-de-montes\/"},"author":{"name":"Xo\u00e1n Carlos Caballero","@id":"https:\/\/www.anovapeneira.gal\/#\/schema\/person\/1b50ea4c70279e2639668c02bf1674e5"},"headline":"Elecci\u00f3ns na comunidade de montes","datePublished":"2023-06-19T08:00:22+00:00","mainEntityOfPage":{"@id":"https:\/\/www.anovapeneira.gal\/index.php\/2023\/06\/19\/eleccions-na-comunidade-de-montes\/"},"wordCount":740,"commentCount":0,"publisher":{"@id":"https:\/\/www.anovapeneira.gal\/#organization"},"image":{"@id":"https:\/\/www.anovapeneira.gal\/index.php\/2023\/06\/19\/eleccions-na-comunidade-de-montes\/#primaryimage"},"thumbnailUrl":"https:\/\/www.anovapeneira.gal\/wp-content\/uploads\/2019\/07\/ARTIGO_DE_OPINION_A_NOVA_PENEIRA.jpg","articleSection":["Artigos de opini\u00f3n"],"inLanguage":"gl-ES","potentialAction":[{"@type":"CommentAction","name":"Comment","target":["https:\/\/www.anovapeneira.gal\/index.php\/2023\/06\/19\/eleccions-na-comunidade-de-montes\/#respond"]}]},{"@type":"WebPage","@id":"https:\/\/www.anovapeneira.gal\/index.php\/2023\/06\/19\/eleccions-na-comunidade-de-montes\/","url":"https:\/\/www.anovapeneira.gal\/index.php\/2023\/06\/19\/eleccions-na-comunidade-de-montes\/","name":"Elecci\u00f3ns na comunidade de montes -","isPartOf":{"@id":"https:\/\/www.anovapeneira.gal\/#website"},"primaryImageOfPage":{"@id":"https:\/\/www.anovapeneira.gal\/index.php\/2023\/06\/19\/eleccions-na-comunidade-de-montes\/#primaryimage"},"image":{"@id":"https:\/\/www.anovapeneira.gal\/index.php\/2023\/06\/19\/eleccions-na-comunidade-de-montes\/#primaryimage"},"thumbnailUrl":"https:\/\/www.anovapeneira.gal\/wp-content\/uploads\/2019\/07\/ARTIGO_DE_OPINION_A_NOVA_PENEIRA.jpg","datePublished":"2023-06-19T08:00:22+00:00","description":"A xunta directiva de montes en man com\u00fan negociara con Euskadi N\u00facleo Central do Eucalipto (ENCE) para que esta organizaci\u00f3n deixara de bombardear os montes co esta \u00e1rbore","breadcrumb":{"@id":"https:\/\/www.anovapeneira.gal\/index.php\/2023\/06\/19\/eleccions-na-comunidade-de-montes\/#breadcrumb"},"inLanguage":"gl-ES","potentialAction":[{"@type":"ReadAction","target":["https:\/\/www.anovapeneira.gal\/index.php\/2023\/06\/19\/eleccions-na-comunidade-de-montes\/"]}]},{"@type":"ImageObject","inLanguage":"gl-ES","@id":"https:\/\/www.anovapeneira.gal\/index.php\/2023\/06\/19\/eleccions-na-comunidade-de-montes\/#primaryimage","url":"https:\/\/www.anovapeneira.gal\/wp-content\/uploads\/2019\/07\/ARTIGO_DE_OPINION_A_NOVA_PENEIRA.jpg","contentUrl":"https:\/\/www.anovapeneira.gal\/wp-content\/uploads\/2019\/07\/ARTIGO_DE_OPINION_A_NOVA_PENEIRA.jpg","width":720,"height":473,"caption":"Artigo de opini\u00f3n A Nova Peneira"},{"@type":"BreadcrumbList","@id":"https:\/\/www.anovapeneira.gal\/index.php\/2023\/06\/19\/eleccions-na-comunidade-de-montes\/#breadcrumb","itemListElement":[{"@type":"ListItem","position":1,"name":"Portada","item":"https:\/\/www.anovapeneira.gal\/"},{"@type":"ListItem","position":2,"name":"Elecci\u00f3ns na comunidade de montes"}]},{"@type":"WebSite","@id":"https:\/\/www.anovapeneira.gal\/#website","url":"https:\/\/www.anovapeneira.gal\/","name":"","description":"Xornal galego de informaci\u00f3n xeral Publicaci\u00f3n mensual de novas de Galicia e en especial dos Concellos da sur da provincia de Pontevedra.","publisher":{"@id":"https:\/\/www.anovapeneira.gal\/#organization"},"potentialAction":[{"@type":"SearchAction","target":{"@type":"EntryPoint","urlTemplate":"https:\/\/www.anovapeneira.gal\/?s={search_term_string}"},"query-input":{"@type":"PropertyValueSpecification","valueRequired":true,"valueName":"search_term_string"}}],"inLanguage":"gl-ES"},{"@type":"Organization","@id":"https:\/\/www.anovapeneira.gal\/#organization","name":"A Nova Peneira","url":"https:\/\/www.anovapeneira.gal\/","logo":{"@type":"ImageObject","inLanguage":"gl-ES","@id":"https:\/\/www.anovapeneira.gal\/#\/schema\/logo\/image\/","url":"http:\/\/www.anovapeneira.gal\/wp-content\/uploads\/2019\/06\/logo_a_nova_peneira_portal_web.png","contentUrl":"http:\/\/www.anovapeneira.gal\/wp-content\/uploads\/2019\/06\/logo_a_nova_peneira_portal_web.png","width":300,"height":100,"caption":"A Nova Peneira"},"image":{"@id":"https:\/\/www.anovapeneira.gal\/#\/schema\/logo\/image\/"},"sameAs":["https:\/\/www.facebook.com\/anovapeneira","https:\/\/x.com\/APeneira"]},{"@type":"Person","@id":"https:\/\/www.anovapeneira.gal\/#\/schema\/person\/1b50ea4c70279e2639668c02bf1674e5","name":"Xo\u00e1n Carlos Caballero","image":{"@type":"ImageObject","inLanguage":"gl-ES","@id":"https:\/\/secure.gravatar.com\/avatar\/3527a74f68662d57f3183bf223473824f80a9c34a28b750bb59badaf22fb2f38?s=96&d=mm&r=g","url":"https:\/\/secure.gravatar.com\/avatar\/3527a74f68662d57f3183bf223473824f80a9c34a28b750bb59badaf22fb2f38?s=96&d=mm&r=g","contentUrl":"https:\/\/secure.gravatar.com\/avatar\/3527a74f68662d57f3183bf223473824f80a9c34a28b750bb59badaf22fb2f38?s=96&d=mm&r=g","caption":"Xo\u00e1n Carlos Caballero"},"sameAs":["http:\/\/anovapeneira.gal"],"url":"https:\/\/www.anovapeneira.gal\/index.php\/author\/xoan-carlos-caballero\/"}]}},"jetpack_featured_media_url":"https:\/\/www.anovapeneira.gal\/wp-content\/uploads\/2019\/07\/ARTIGO_DE_OPINION_A_NOVA_PENEIRA.jpg","_links":{"self":[{"href":"https:\/\/www.anovapeneira.gal\/index.php\/wp-json\/wp\/v2\/posts\/9955","targetHints":{"allow":["GET"]}}],"collection":[{"href":"https:\/\/www.anovapeneira.gal\/index.php\/wp-json\/wp\/v2\/posts"}],"about":[{"href":"https:\/\/www.anovapeneira.gal\/index.php\/wp-json\/wp\/v2\/types\/post"}],"author":[{"embeddable":true,"href":"https:\/\/www.anovapeneira.gal\/index.php\/wp-json\/wp\/v2\/users\/22"}],"replies":[{"embeddable":true,"href":"https:\/\/www.anovapeneira.gal\/index.php\/wp-json\/wp\/v2\/comments?post=9955"}],"version-history":[{"count":1,"href":"https:\/\/www.anovapeneira.gal\/index.php\/wp-json\/wp\/v2\/posts\/9955\/revisions"}],"predecessor-version":[{"id":9956,"href":"https:\/\/www.anovapeneira.gal\/index.php\/wp-json\/wp\/v2\/posts\/9955\/revisions\/9956"}],"wp:featuredmedia":[{"embeddable":true,"href":"https:\/\/www.anovapeneira.gal\/index.php\/wp-json\/wp\/v2\/media\/584"}],"wp:attachment":[{"href":"https:\/\/www.anovapeneira.gal\/index.php\/wp-json\/wp\/v2\/media?parent=9955"}],"wp:term":[{"taxonomy":"category","embeddable":true,"href":"https:\/\/www.anovapeneira.gal\/index.php\/wp-json\/wp\/v2\/categories?post=9955"},{"taxonomy":"post_tag","embeddable":true,"href":"https:\/\/www.anovapeneira.gal\/index.php\/wp-json\/wp\/v2\/tags?post=9955"}],"curies":[{"name":"wp","href":"https:\/\/api.w.org\/{rel}","templated":true}]}}