{"id":9957,"date":"2023-06-19T12:00:01","date_gmt":"2023-06-19T10:00:01","guid":{"rendered":"https:\/\/www.anovapeneira.gal\/?p=9957"},"modified":"2023-06-15T09:33:29","modified_gmt":"2023-06-15T07:33:29","slug":"nova-condena-do-tsxg-por-vulnerar-o-dereito-a-negociacion-colectiva-da-cut","status":"publish","type":"post","link":"https:\/\/www.anovapeneira.gal\/index.php\/2023\/06\/19\/nova-condena-do-tsxg-por-vulnerar-o-dereito-a-negociacion-colectiva-da-cut\/","title":{"rendered":"Nova condena do TSXG por vulnerar o dereito \u00e1 negociaci\u00f3n colectiva da CUT"},"content":{"rendered":"\n<p>O Tribunal Superior de Xustiza de Galicia (TSXG) en sentenza 02660\/2023, ven de condenar novamente a Stellantis Vigo, por vulneraci\u00f3n de dereitos fundamentais e da liberdade sindical a representaci\u00f3n das persoas traballadoras, e neste caso a CUT como \u00fanico sindicato demandante. A sentenza declara nulo o acordo individual de tele-traballo e acredita 3 vulneraci\u00f3ns a liberdade sindical polas que a empresa ten que indemnizar a CUT con 30.000\u20ac.<\/p>\n\n\n\n<div data-wp-interactive=\"core\/file\" class=\"wp-block-file\"><object data-wp-bind--hidden=\"!state.hasPdfPreview\" hidden class=\"wp-block-file__embed\" data=\"https:\/\/www.anovapeneira.gal\/wp-content\/uploads\/2023\/06\/13-06-2023-Nota-de-prensa-tele-traballo.pdf\" type=\"application\/pdf\" style=\"width:100%;height:600px\" aria-label=\"Incrustado de 13-06-2023-Nota-de-prensa-tele-traballo.\"><\/object><a id=\"wp-block-file--media-c730a7ae-6e1b-4348-a8fd-11845cbdeba0\" href=\"https:\/\/www.anovapeneira.gal\/wp-content\/uploads\/2023\/06\/13-06-2023-Nota-de-prensa-tele-traballo.pdf\">13-06-2023-Nota-de-prensa-tele-traballo<\/a><a href=\"https:\/\/www.anovapeneira.gal\/wp-content\/uploads\/2023\/06\/13-06-2023-Nota-de-prensa-tele-traballo.pdf\" class=\"wp-block-file__button wp-element-button\" download aria-describedby=\"wp-block-file--media-c730a7ae-6e1b-4348-a8fd-11845cbdeba0\">Descarga\t <\/a><\/div>\n\n\n\n<div data-wp-interactive=\"core\/file\" class=\"wp-block-file\"><object data-wp-bind--hidden=\"!state.hasPdfPreview\" hidden class=\"wp-block-file__embed\" data=\"https:\/\/www.anovapeneira.gal\/wp-content\/uploads\/2023\/06\/20230607-STSXG-Teletraballo-Citroen_Censurada.pdf\" type=\"application\/pdf\" style=\"width:100%;height:600px\" aria-label=\"Incrustado de 20230607-STSXG-Teletraballo-Citroen_Censurada.\"><\/object><a id=\"wp-block-file--media-9e615991-d2a6-4e1a-b7b6-327049cdcab5\" href=\"https:\/\/www.anovapeneira.gal\/wp-content\/uploads\/2023\/06\/20230607-STSXG-Teletraballo-Citroen_Censurada.pdf\">20230607-STSXG-Teletraballo-Citroen_Censurada<\/a><a href=\"https:\/\/www.anovapeneira.gal\/wp-content\/uploads\/2023\/06\/20230607-STSXG-Teletraballo-Citroen_Censurada.pdf\" class=\"wp-block-file__button wp-element-button\" download aria-describedby=\"wp-block-file--media-9e615991-d2a6-4e1a-b7b6-327049cdcab5\">Descarga\t <\/a><\/div>\n","protected":false},"excerpt":{"rendered":"<div class=\"mh-excerpt\"><p>O Tribunal Superior de Xustiza de Galicia (TSXG) en sentenza 02660\/2023, ven de condenar novamente a Stellantis Vigo <a class=\"mh-excerpt-more\" href=\"https:\/\/www.anovapeneira.gal\/index.php\/2023\/06\/19\/nova-condena-do-tsxg-por-vulnerar-o-dereito-a-negociacion-colectiva-da-cut\/\" title=\"Nova condena do TSXG por vulnerar o dereito \u00e1 negociaci\u00f3n colectiva da CUT\">[&#8230;]<\/a><\/p>\n<\/div>","protected":false},"author":3,"featured_media":7079,"comment_status":"open","ping_status":"open","sticky":false,"template":"","format":"standard","meta":{"_exactmetrics_skip_tracking":false,"_exactmetrics_sitenote_active":false,"_exactmetrics_sitenote_note":"","_exactmetrics_sitenote_category":0,"footnotes":""},"categories":[19],"tags":[227],"class_list":{"0":"post-9957","1":"post","2":"type-post","3":"status-publish","4":"format-standard","5":"has-post-thumbnail","7":"category-vigo","8":"tag-concello-de-vigo"},"yoast_head":"<!-- This site is optimized with the Yoast SEO plugin v27.4 - https:\/\/yoast.com\/product\/yoast-seo-wordpress\/ -->\n<title>Nova condena do TSXG por vulnerar o dereito \u00e1 negociaci\u00f3n colectiva da CUT -<\/title>\n<meta name=\"description\" content=\"O Tribunal Superior de Xustiza de Galicia (TSXG) en sentenza 02660\/2023, ven de condenar novamente a Stellantis Vigo\" \/>\n<meta name=\"robots\" content=\"index, follow, max-snippet:-1, max-image-preview:large, max-video-preview:-1\" \/>\n<link rel=\"canonical\" href=\"https:\/\/www.anovapeneira.gal\/index.php\/2023\/06\/19\/nova-condena-do-tsxg-por-vulnerar-o-dereito-a-negociacion-colectiva-da-cut\/\" \/>\n<meta property=\"og:locale\" content=\"gl_ES\" \/>\n<meta property=\"og:type\" content=\"article\" \/>\n<meta property=\"og:title\" content=\"Nova condena do TSXG por vulnerar o dereito \u00e1 negociaci\u00f3n colectiva da CUT -\" \/>\n<meta property=\"og:description\" content=\"O Tribunal Superior de Xustiza de Galicia (TSXG) en sentenza 02660\/2023, ven de condenar novamente a Stellantis Vigo\" \/>\n<meta property=\"og:url\" content=\"https:\/\/www.anovapeneira.gal\/index.php\/2023\/06\/19\/nova-condena-do-tsxg-por-vulnerar-o-dereito-a-negociacion-colectiva-da-cut\/\" \/>\n<meta property=\"article:publisher\" content=\"https:\/\/www.facebook.com\/anovapeneira\" \/>\n<meta property=\"article:published_time\" content=\"2023-06-19T10:00:01+00:00\" \/>\n<meta property=\"og:image\" content=\"https:\/\/www.anovapeneira.gal\/wp-content\/uploads\/2022\/03\/cut_citroen.jpg\" \/>\n\t<meta property=\"og:image:width\" content=\"720\" \/>\n\t<meta property=\"og:image:height\" content=\"432\" \/>\n\t<meta property=\"og:image:type\" content=\"image\/jpeg\" \/>\n<meta name=\"author\" content=\"Redacci\u00f3n A Nova Peneira\" \/>\n<meta name=\"twitter:card\" content=\"summary_large_image\" \/>\n<meta name=\"twitter:creator\" content=\"@APeneira\" \/>\n<meta name=\"twitter:site\" content=\"@APeneira\" \/>\n<meta name=\"twitter:label1\" content=\"Escrito por\" \/>\n\t<meta name=\"twitter:data1\" content=\"Redacci\u00f3n A Nova Peneira\" \/>\n\t<meta name=\"twitter:label2\" content=\"Tempo de lectura\" \/>\n\t<meta name=\"twitter:data2\" content=\"1 minuto\" \/>\n<script type=\"application\/ld+json\" class=\"yoast-schema-graph\">{\"@context\":\"https:\\\/\\\/schema.org\",\"@graph\":[{\"@type\":\"Article\",\"@id\":\"https:\\\/\\\/www.anovapeneira.gal\\\/index.php\\\/2023\\\/06\\\/19\\\/nova-condena-do-tsxg-por-vulnerar-o-dereito-a-negociacion-colectiva-da-cut\\\/#article\",\"isPartOf\":{\"@id\":\"https:\\\/\\\/www.anovapeneira.gal\\\/index.php\\\/2023\\\/06\\\/19\\\/nova-condena-do-tsxg-por-vulnerar-o-dereito-a-negociacion-colectiva-da-cut\\\/\"},\"author\":{\"name\":\"Redacci\u00f3n A Nova Peneira\",\"@id\":\"https:\\\/\\\/www.anovapeneira.gal\\\/#\\\/schema\\\/person\\\/b93e3f8932e3f8da96334607eb6ac6aa\"},\"headline\":\"Nova condena do TSXG por vulnerar o dereito \u00e1 negociaci\u00f3n colectiva da CUT\",\"datePublished\":\"2023-06-19T10:00:01+00:00\",\"mainEntityOfPage\":{\"@id\":\"https:\\\/\\\/www.anovapeneira.gal\\\/index.php\\\/2023\\\/06\\\/19\\\/nova-condena-do-tsxg-por-vulnerar-o-dereito-a-negociacion-colectiva-da-cut\\\/\"},\"wordCount\":88,\"commentCount\":0,\"publisher\":{\"@id\":\"https:\\\/\\\/www.anovapeneira.gal\\\/#organization\"},\"image\":{\"@id\":\"https:\\\/\\\/www.anovapeneira.gal\\\/index.php\\\/2023\\\/06\\\/19\\\/nova-condena-do-tsxg-por-vulnerar-o-dereito-a-negociacion-colectiva-da-cut\\\/#primaryimage\"},\"thumbnailUrl\":\"https:\\\/\\\/www.anovapeneira.gal\\\/wp-content\\\/uploads\\\/2022\\\/03\\\/cut_citroen.jpg\",\"keywords\":[\"Concello de Vigo\"],\"articleSection\":[\"Vigo\"],\"inLanguage\":\"gl-ES\",\"potentialAction\":[{\"@type\":\"CommentAction\",\"name\":\"Comment\",\"target\":[\"https:\\\/\\\/www.anovapeneira.gal\\\/index.php\\\/2023\\\/06\\\/19\\\/nova-condena-do-tsxg-por-vulnerar-o-dereito-a-negociacion-colectiva-da-cut\\\/#respond\"]}]},{\"@type\":\"WebPage\",\"@id\":\"https:\\\/\\\/www.anovapeneira.gal\\\/index.php\\\/2023\\\/06\\\/19\\\/nova-condena-do-tsxg-por-vulnerar-o-dereito-a-negociacion-colectiva-da-cut\\\/\",\"url\":\"https:\\\/\\\/www.anovapeneira.gal\\\/index.php\\\/2023\\\/06\\\/19\\\/nova-condena-do-tsxg-por-vulnerar-o-dereito-a-negociacion-colectiva-da-cut\\\/\",\"name\":\"Nova condena do TSXG por vulnerar o dereito \u00e1 negociaci\u00f3n colectiva da CUT -\",\"isPartOf\":{\"@id\":\"https:\\\/\\\/www.anovapeneira.gal\\\/#website\"},\"primaryImageOfPage\":{\"@id\":\"https:\\\/\\\/www.anovapeneira.gal\\\/index.php\\\/2023\\\/06\\\/19\\\/nova-condena-do-tsxg-por-vulnerar-o-dereito-a-negociacion-colectiva-da-cut\\\/#primaryimage\"},\"image\":{\"@id\":\"https:\\\/\\\/www.anovapeneira.gal\\\/index.php\\\/2023\\\/06\\\/19\\\/nova-condena-do-tsxg-por-vulnerar-o-dereito-a-negociacion-colectiva-da-cut\\\/#primaryimage\"},\"thumbnailUrl\":\"https:\\\/\\\/www.anovapeneira.gal\\\/wp-content\\\/uploads\\\/2022\\\/03\\\/cut_citroen.jpg\",\"datePublished\":\"2023-06-19T10:00:01+00:00\",\"description\":\"O Tribunal Superior de Xustiza de Galicia (TSXG) en sentenza 02660\\\/2023, ven de condenar novamente a Stellantis Vigo\",\"breadcrumb\":{\"@id\":\"https:\\\/\\\/www.anovapeneira.gal\\\/index.php\\\/2023\\\/06\\\/19\\\/nova-condena-do-tsxg-por-vulnerar-o-dereito-a-negociacion-colectiva-da-cut\\\/#breadcrumb\"},\"inLanguage\":\"gl-ES\",\"potentialAction\":[{\"@type\":\"ReadAction\",\"target\":[\"https:\\\/\\\/www.anovapeneira.gal\\\/index.php\\\/2023\\\/06\\\/19\\\/nova-condena-do-tsxg-por-vulnerar-o-dereito-a-negociacion-colectiva-da-cut\\\/\"]}]},{\"@type\":\"ImageObject\",\"inLanguage\":\"gl-ES\",\"@id\":\"https:\\\/\\\/www.anovapeneira.gal\\\/index.php\\\/2023\\\/06\\\/19\\\/nova-condena-do-tsxg-por-vulnerar-o-dereito-a-negociacion-colectiva-da-cut\\\/#primaryimage\",\"url\":\"https:\\\/\\\/www.anovapeneira.gal\\\/wp-content\\\/uploads\\\/2022\\\/03\\\/cut_citroen.jpg\",\"contentUrl\":\"https:\\\/\\\/www.anovapeneira.gal\\\/wp-content\\\/uploads\\\/2022\\\/03\\\/cut_citroen.jpg\",\"width\":720,\"height\":432,\"caption\":\"Cut central unitaria de traballadores citro\u00ebn\"},{\"@type\":\"BreadcrumbList\",\"@id\":\"https:\\\/\\\/www.anovapeneira.gal\\\/index.php\\\/2023\\\/06\\\/19\\\/nova-condena-do-tsxg-por-vulnerar-o-dereito-a-negociacion-colectiva-da-cut\\\/#breadcrumb\",\"itemListElement\":[{\"@type\":\"ListItem\",\"position\":1,\"name\":\"Portada\",\"item\":\"https:\\\/\\\/www.anovapeneira.gal\\\/\"},{\"@type\":\"ListItem\",\"position\":2,\"name\":\"Nova condena do TSXG por vulnerar o dereito \u00e1 negociaci\u00f3n colectiva da CUT\"}]},{\"@type\":\"WebSite\",\"@id\":\"https:\\\/\\\/www.anovapeneira.gal\\\/#website\",\"url\":\"https:\\\/\\\/www.anovapeneira.gal\\\/\",\"name\":\"\",\"description\":\"Xornal galego de informaci\u00f3n xeral Publicaci\u00f3n mensual de novas de Galicia e en especial dos Concellos da sur da provincia de Pontevedra.\",\"publisher\":{\"@id\":\"https:\\\/\\\/www.anovapeneira.gal\\\/#organization\"},\"potentialAction\":[{\"@type\":\"SearchAction\",\"target\":{\"@type\":\"EntryPoint\",\"urlTemplate\":\"https:\\\/\\\/www.anovapeneira.gal\\\/?s={search_term_string}\"},\"query-input\":{\"@type\":\"PropertyValueSpecification\",\"valueRequired\":true,\"valueName\":\"search_term_string\"}}],\"inLanguage\":\"gl-ES\"},{\"@type\":\"Organization\",\"@id\":\"https:\\\/\\\/www.anovapeneira.gal\\\/#organization\",\"name\":\"A Nova Peneira\",\"url\":\"https:\\\/\\\/www.anovapeneira.gal\\\/\",\"logo\":{\"@type\":\"ImageObject\",\"inLanguage\":\"gl-ES\",\"@id\":\"https:\\\/\\\/www.anovapeneira.gal\\\/#\\\/schema\\\/logo\\\/image\\\/\",\"url\":\"http:\\\/\\\/www.anovapeneira.gal\\\/wp-content\\\/uploads\\\/2019\\\/06\\\/logo_a_nova_peneira_portal_web.png\",\"contentUrl\":\"http:\\\/\\\/www.anovapeneira.gal\\\/wp-content\\\/uploads\\\/2019\\\/06\\\/logo_a_nova_peneira_portal_web.png\",\"width\":300,\"height\":100,\"caption\":\"A Nova Peneira\"},\"image\":{\"@id\":\"https:\\\/\\\/www.anovapeneira.gal\\\/#\\\/schema\\\/logo\\\/image\\\/\"},\"sameAs\":[\"https:\\\/\\\/www.facebook.com\\\/anovapeneira\",\"https:\\\/\\\/x.com\\\/APeneira\"]},{\"@type\":\"Person\",\"@id\":\"https:\\\/\\\/www.anovapeneira.gal\\\/#\\\/schema\\\/person\\\/b93e3f8932e3f8da96334607eb6ac6aa\",\"name\":\"Redacci\u00f3n A Nova Peneira\",\"image\":{\"@type\":\"ImageObject\",\"inLanguage\":\"gl-ES\",\"@id\":\"https:\\\/\\\/secure.gravatar.com\\\/avatar\\\/c052a2551a06e23fac63626232eaa90abd78dbcf1700fc46a2b2c89fd27b735f?s=96&d=mm&r=g\",\"url\":\"https:\\\/\\\/secure.gravatar.com\\\/avatar\\\/c052a2551a06e23fac63626232eaa90abd78dbcf1700fc46a2b2c89fd27b735f?s=96&d=mm&r=g\",\"contentUrl\":\"https:\\\/\\\/secure.gravatar.com\\\/avatar\\\/c052a2551a06e23fac63626232eaa90abd78dbcf1700fc46a2b2c89fd27b735f?s=96&d=mm&r=g\",\"caption\":\"Redacci\u00f3n A Nova Peneira\"},\"sameAs\":[\"http:\\\/\\\/www.anovapeneira.gal\\\/\"],\"url\":\"https:\\\/\\\/www.anovapeneira.gal\\\/index.php\\\/author\\\/redactor\\\/\"}]}<\/script>\n<!-- \/ Yoast SEO plugin. -->","yoast_head_json":{"title":"Nova condena do TSXG por vulnerar o dereito \u00e1 negociaci\u00f3n colectiva da CUT -","description":"O Tribunal Superior de Xustiza de Galicia (TSXG) en sentenza 02660\/2023, ven de condenar novamente a Stellantis Vigo","robots":{"index":"index","follow":"follow","max-snippet":"max-snippet:-1","max-image-preview":"max-image-preview:large","max-video-preview":"max-video-preview:-1"},"canonical":"https:\/\/www.anovapeneira.gal\/index.php\/2023\/06\/19\/nova-condena-do-tsxg-por-vulnerar-o-dereito-a-negociacion-colectiva-da-cut\/","og_locale":"gl_ES","og_type":"article","og_title":"Nova condena do TSXG por vulnerar o dereito \u00e1 negociaci\u00f3n colectiva da CUT -","og_description":"O Tribunal Superior de Xustiza de Galicia (TSXG) en sentenza 02660\/2023, ven de condenar novamente a Stellantis Vigo","og_url":"https:\/\/www.anovapeneira.gal\/index.php\/2023\/06\/19\/nova-condena-do-tsxg-por-vulnerar-o-dereito-a-negociacion-colectiva-da-cut\/","article_publisher":"https:\/\/www.facebook.com\/anovapeneira","article_published_time":"2023-06-19T10:00:01+00:00","og_image":[{"width":720,"height":432,"url":"https:\/\/www.anovapeneira.gal\/wp-content\/uploads\/2022\/03\/cut_citroen.jpg","type":"image\/jpeg"}],"author":"Redacci\u00f3n A Nova Peneira","twitter_card":"summary_large_image","twitter_creator":"@APeneira","twitter_site":"@APeneira","twitter_misc":{"Escrito por":"Redacci\u00f3n A Nova Peneira","Tempo de lectura":"1 minuto"},"schema":{"@context":"https:\/\/schema.org","@graph":[{"@type":"Article","@id":"https:\/\/www.anovapeneira.gal\/index.php\/2023\/06\/19\/nova-condena-do-tsxg-por-vulnerar-o-dereito-a-negociacion-colectiva-da-cut\/#article","isPartOf":{"@id":"https:\/\/www.anovapeneira.gal\/index.php\/2023\/06\/19\/nova-condena-do-tsxg-por-vulnerar-o-dereito-a-negociacion-colectiva-da-cut\/"},"author":{"name":"Redacci\u00f3n A Nova Peneira","@id":"https:\/\/www.anovapeneira.gal\/#\/schema\/person\/b93e3f8932e3f8da96334607eb6ac6aa"},"headline":"Nova condena do TSXG por vulnerar o dereito \u00e1 negociaci\u00f3n colectiva da CUT","datePublished":"2023-06-19T10:00:01+00:00","mainEntityOfPage":{"@id":"https:\/\/www.anovapeneira.gal\/index.php\/2023\/06\/19\/nova-condena-do-tsxg-por-vulnerar-o-dereito-a-negociacion-colectiva-da-cut\/"},"wordCount":88,"commentCount":0,"publisher":{"@id":"https:\/\/www.anovapeneira.gal\/#organization"},"image":{"@id":"https:\/\/www.anovapeneira.gal\/index.php\/2023\/06\/19\/nova-condena-do-tsxg-por-vulnerar-o-dereito-a-negociacion-colectiva-da-cut\/#primaryimage"},"thumbnailUrl":"https:\/\/www.anovapeneira.gal\/wp-content\/uploads\/2022\/03\/cut_citroen.jpg","keywords":["Concello de Vigo"],"articleSection":["Vigo"],"inLanguage":"gl-ES","potentialAction":[{"@type":"CommentAction","name":"Comment","target":["https:\/\/www.anovapeneira.gal\/index.php\/2023\/06\/19\/nova-condena-do-tsxg-por-vulnerar-o-dereito-a-negociacion-colectiva-da-cut\/#respond"]}]},{"@type":"WebPage","@id":"https:\/\/www.anovapeneira.gal\/index.php\/2023\/06\/19\/nova-condena-do-tsxg-por-vulnerar-o-dereito-a-negociacion-colectiva-da-cut\/","url":"https:\/\/www.anovapeneira.gal\/index.php\/2023\/06\/19\/nova-condena-do-tsxg-por-vulnerar-o-dereito-a-negociacion-colectiva-da-cut\/","name":"Nova condena do TSXG por vulnerar o dereito \u00e1 negociaci\u00f3n colectiva da CUT -","isPartOf":{"@id":"https:\/\/www.anovapeneira.gal\/#website"},"primaryImageOfPage":{"@id":"https:\/\/www.anovapeneira.gal\/index.php\/2023\/06\/19\/nova-condena-do-tsxg-por-vulnerar-o-dereito-a-negociacion-colectiva-da-cut\/#primaryimage"},"image":{"@id":"https:\/\/www.anovapeneira.gal\/index.php\/2023\/06\/19\/nova-condena-do-tsxg-por-vulnerar-o-dereito-a-negociacion-colectiva-da-cut\/#primaryimage"},"thumbnailUrl":"https:\/\/www.anovapeneira.gal\/wp-content\/uploads\/2022\/03\/cut_citroen.jpg","datePublished":"2023-06-19T10:00:01+00:00","description":"O Tribunal Superior de Xustiza de Galicia (TSXG) en sentenza 02660\/2023, ven de condenar novamente a Stellantis Vigo","breadcrumb":{"@id":"https:\/\/www.anovapeneira.gal\/index.php\/2023\/06\/19\/nova-condena-do-tsxg-por-vulnerar-o-dereito-a-negociacion-colectiva-da-cut\/#breadcrumb"},"inLanguage":"gl-ES","potentialAction":[{"@type":"ReadAction","target":["https:\/\/www.anovapeneira.gal\/index.php\/2023\/06\/19\/nova-condena-do-tsxg-por-vulnerar-o-dereito-a-negociacion-colectiva-da-cut\/"]}]},{"@type":"ImageObject","inLanguage":"gl-ES","@id":"https:\/\/www.anovapeneira.gal\/index.php\/2023\/06\/19\/nova-condena-do-tsxg-por-vulnerar-o-dereito-a-negociacion-colectiva-da-cut\/#primaryimage","url":"https:\/\/www.anovapeneira.gal\/wp-content\/uploads\/2022\/03\/cut_citroen.jpg","contentUrl":"https:\/\/www.anovapeneira.gal\/wp-content\/uploads\/2022\/03\/cut_citroen.jpg","width":720,"height":432,"caption":"Cut central unitaria de traballadores citro\u00ebn"},{"@type":"BreadcrumbList","@id":"https:\/\/www.anovapeneira.gal\/index.php\/2023\/06\/19\/nova-condena-do-tsxg-por-vulnerar-o-dereito-a-negociacion-colectiva-da-cut\/#breadcrumb","itemListElement":[{"@type":"ListItem","position":1,"name":"Portada","item":"https:\/\/www.anovapeneira.gal\/"},{"@type":"ListItem","position":2,"name":"Nova condena do TSXG por vulnerar o dereito \u00e1 negociaci\u00f3n colectiva da CUT"}]},{"@type":"WebSite","@id":"https:\/\/www.anovapeneira.gal\/#website","url":"https:\/\/www.anovapeneira.gal\/","name":"","description":"Xornal galego de informaci\u00f3n xeral Publicaci\u00f3n mensual de novas de Galicia e en especial dos Concellos da sur da provincia de Pontevedra.","publisher":{"@id":"https:\/\/www.anovapeneira.gal\/#organization"},"potentialAction":[{"@type":"SearchAction","target":{"@type":"EntryPoint","urlTemplate":"https:\/\/www.anovapeneira.gal\/?s={search_term_string}"},"query-input":{"@type":"PropertyValueSpecification","valueRequired":true,"valueName":"search_term_string"}}],"inLanguage":"gl-ES"},{"@type":"Organization","@id":"https:\/\/www.anovapeneira.gal\/#organization","name":"A Nova Peneira","url":"https:\/\/www.anovapeneira.gal\/","logo":{"@type":"ImageObject","inLanguage":"gl-ES","@id":"https:\/\/www.anovapeneira.gal\/#\/schema\/logo\/image\/","url":"http:\/\/www.anovapeneira.gal\/wp-content\/uploads\/2019\/06\/logo_a_nova_peneira_portal_web.png","contentUrl":"http:\/\/www.anovapeneira.gal\/wp-content\/uploads\/2019\/06\/logo_a_nova_peneira_portal_web.png","width":300,"height":100,"caption":"A Nova Peneira"},"image":{"@id":"https:\/\/www.anovapeneira.gal\/#\/schema\/logo\/image\/"},"sameAs":["https:\/\/www.facebook.com\/anovapeneira","https:\/\/x.com\/APeneira"]},{"@type":"Person","@id":"https:\/\/www.anovapeneira.gal\/#\/schema\/person\/b93e3f8932e3f8da96334607eb6ac6aa","name":"Redacci\u00f3n A Nova Peneira","image":{"@type":"ImageObject","inLanguage":"gl-ES","@id":"https:\/\/secure.gravatar.com\/avatar\/c052a2551a06e23fac63626232eaa90abd78dbcf1700fc46a2b2c89fd27b735f?s=96&d=mm&r=g","url":"https:\/\/secure.gravatar.com\/avatar\/c052a2551a06e23fac63626232eaa90abd78dbcf1700fc46a2b2c89fd27b735f?s=96&d=mm&r=g","contentUrl":"https:\/\/secure.gravatar.com\/avatar\/c052a2551a06e23fac63626232eaa90abd78dbcf1700fc46a2b2c89fd27b735f?s=96&d=mm&r=g","caption":"Redacci\u00f3n A Nova Peneira"},"sameAs":["http:\/\/www.anovapeneira.gal\/"],"url":"https:\/\/www.anovapeneira.gal\/index.php\/author\/redactor\/"}]}},"jetpack_featured_media_url":"https:\/\/www.anovapeneira.gal\/wp-content\/uploads\/2022\/03\/cut_citroen.jpg","_links":{"self":[{"href":"https:\/\/www.anovapeneira.gal\/index.php\/wp-json\/wp\/v2\/posts\/9957","targetHints":{"allow":["GET"]}}],"collection":[{"href":"https:\/\/www.anovapeneira.gal\/index.php\/wp-json\/wp\/v2\/posts"}],"about":[{"href":"https:\/\/www.anovapeneira.gal\/index.php\/wp-json\/wp\/v2\/types\/post"}],"author":[{"embeddable":true,"href":"https:\/\/www.anovapeneira.gal\/index.php\/wp-json\/wp\/v2\/users\/3"}],"replies":[{"embeddable":true,"href":"https:\/\/www.anovapeneira.gal\/index.php\/wp-json\/wp\/v2\/comments?post=9957"}],"version-history":[{"count":2,"href":"https:\/\/www.anovapeneira.gal\/index.php\/wp-json\/wp\/v2\/posts\/9957\/revisions"}],"predecessor-version":[{"id":9961,"href":"https:\/\/www.anovapeneira.gal\/index.php\/wp-json\/wp\/v2\/posts\/9957\/revisions\/9961"}],"wp:featuredmedia":[{"embeddable":true,"href":"https:\/\/www.anovapeneira.gal\/index.php\/wp-json\/wp\/v2\/media\/7079"}],"wp:attachment":[{"href":"https:\/\/www.anovapeneira.gal\/index.php\/wp-json\/wp\/v2\/media?parent=9957"}],"wp:term":[{"taxonomy":"category","embeddable":true,"href":"https:\/\/www.anovapeneira.gal\/index.php\/wp-json\/wp\/v2\/categories?post=9957"},{"taxonomy":"post_tag","embeddable":true,"href":"https:\/\/www.anovapeneira.gal\/index.php\/wp-json\/wp\/v2\/tags?post=9957"}],"curies":[{"name":"wp","href":"https:\/\/api.w.org\/{rel}","templated":true}]}}