{"id":9965,"date":"2023-06-20T12:00:50","date_gmt":"2023-06-20T10:00:50","guid":{"rendered":"https:\/\/www.anovapeneira.gal\/?p=9965"},"modified":"2023-06-20T13:11:54","modified_gmt":"2023-06-20T11:11:54","slug":"2o-numero-da-revista-o-pino","status":"publish","type":"post","link":"https:\/\/www.anovapeneira.gal\/index.php\/2023\/06\/20\/2o-numero-da-revista-o-pino\/","title":{"rendered":"2\u00ba N\u00famero da Revista O Pino"},"content":{"rendered":"\n<p><strong>Por segundo ano consecutivo os alumnos e alumnas de segundo de bacharelato do IES Pino Manso do Porri\u00f1o ve\u00f1en de editar a s\u00faa revista O Pino. O curso anterior a publicaci\u00f3n ,coa direcci\u00f3n do profesor de filosof\u00eda Pedro Ocampo, tratou de achegar contidos estritamente filos\u00f3ficos, e este ano ampliaron o abano conceptual pois incorporouse Juan Carlos Lago, profesor de debuxo, e a denominaci\u00f3n da publicaci\u00f3n \u00e9<\/strong><\/p>\n\n\n\n<p><strong>FilosofArte.<\/strong><\/p>\n\n\n\n<p><strong>Parab\u00e9ns a toda a comunidade educativa do Pino Manso por participar na creaci\u00f3n desta marabillosa publicaci\u00f3n que ten a valent\u00eda de apostar pola mocidade, de tratar de axudalos a crear un pensamento cr\u00edtico aut\u00f3nomo, a \u00fanica maneira de que estes mozos e mozas poidan chegar a converterse en futuros homes e mulleres libres , e parab\u00e9ns ao concello do Porri\u00f1o por financiala edici\u00f3n da revista e facela posible.<\/strong><\/p>\n\n\n\n<p><strong>Pedro Ocampo profesor de Filosof\u00eda, e Juan Carlos Lago profesor de debuxo.<\/strong><\/p>\n\n\n\n<p>\u201c <strong>O m\u00e1is emocionante de todo \u00e9 constatar o enorme interese e a inmensa ilusi\u00f3n con que se implican os mozos e as mozas no proceso creativo da publicaci\u00f3n\u201d<\/strong><\/p>\n\n\n\n<p><strong>Pedro o que no seu primeiro n\u00famero foi unha publicaci\u00f3n de Filosof\u00eda agora ampl\u00eda o abano e \u00e9 \u201cFilosofArte\u201d?<\/strong><\/p>\n\n\n\n<blockquote class=\"wp-block-quote is-layout-flow wp-block-quote-is-layout-flow\">\n<p>Si, este ano contamos coa colaboraci\u00f3n do compa\u00f1eiro Juan Carlos, que se integrou como un m\u00e1is no equipo, e quixemos facer un exercicio pr\u00e1ctico do que \u00e9 o significado etimol\u00f3xico do termo Filosof\u00eda: amor \u00e1 sabedor\u00eda, abrindo a nosa mente ao co\u00f1ecemento da sensibilidade art\u00edstica.<\/p>\n<\/blockquote>\n\n\n\n<p><strong>Ti no n\u00famero anterior non estiveras non Juan Carlos?<\/strong><\/p>\n\n\n\n<blockquote class=\"wp-block-quote is-layout-flow wp-block-quote-is-layout-flow\">\n<p>Non, propux\u00e9ranmo pero o ano pasado non me foi posible. Este ano si colaborei con moito gusto nesta experiencia tan emocionante.<\/p>\n<\/blockquote>\n\n\n\n<p><strong>Como valorades ambos o resultado do primeiro n\u00famero da publicaci\u00f3n?<\/strong><\/p>\n\n\n\n<blockquote class=\"wp-block-quote is-layout-flow wp-block-quote-is-layout-flow\">\n<p>De maneira moi positiva. A ilusi\u00f3n que espertou nos alumnos e alumnas e o interese que despertou no p\u00fablico en xeral superaron \u00e1s nosas mellores expectativas, e d\u00e9ronnos folgos para non s\u00f3 continuar sen\u00f3n tam\u00e9n ampliar o abano e tratar de abranguer m\u00e1is disciplinas de co\u00f1ecemento.<\/p>\n<\/blockquote>\n\n\n\n<p><strong>O ano pasado Pedro, estabas moi satisfeito da ilusi\u00f3n e o interese con que os alumnos e alumnas participaron no proceso creativo da revista. Foi igual este ano Pedro e Juan Carlos?<\/strong><\/p>\n\n\n\n<blockquote class=\"wp-block-quote is-layout-flow wp-block-quote-is-layout-flow\">\n<p>Si foi exactamente igual<strong>&#8211; di Pedro-<\/strong>.Eu non estiven o ano pasado-<strong>afirma Juan Carlos<\/strong>-pero a ilusi\u00f3n e o interese das mozas e dos mozos que participaron foi extraordinaria. De feito foi, para min, o mais emocionante de todo. Estou de acordo-<strong>manifesta Pedro-<\/strong> Este ano o n\u00famero de alumnos e alumnas que se implicaron foi maior que o ano anterior e constatar como un rapaz ou unha rapaza, que ten a enorme presi\u00f3n da inminencia da proba de acceso \u00e1 universidade, amosa interese por co\u00f1ecer, por comprender e por transmitir a s\u00faa visi\u00f3n da vida permite manter aceso o facho de esperanza na humanidade.<\/p>\n<\/blockquote>\n\n\n\n<p><strong>Este ano conseguistes implicar a m\u00e1is profesoras e profesores verdade?<\/strong><\/p>\n\n\n\n<blockquote class=\"wp-block-quote is-layout-flow wp-block-quote-is-layout-flow\">\n<p>Si, algo que que nos encheu de alegr\u00eda. E seguiremos batendo nas conciencias para que para o curso seguinte sexan m\u00e1is, e para implicar \u00e1s familias tam\u00e9n.<\/p>\n<\/blockquote>\n\n\n\n<p><strong>Eu non te\u00f1o por costume particularizar cando estamos a falar de proxectos colectivos, non me parece xusto. Pero en relaci\u00f3n a este tema das e dos profesores , e despois de ler a revista con moito interese, vou facer unha excepci\u00f3n e quer\u00eda pedirvos por favor que lle deades os meus parab\u00e9ns a Paula, profesora de historia. Non a co\u00f1ezo, pero o seu texto \u201c O Son da Miseria\u201d \u00e9 , ao meu xu\u00edzo, est\u00e9tica e conceptualmente brillante. P\u00faxome os pelos de punta &#8230;.<\/strong><\/p>\n\n\n\n<blockquote class=\"wp-block-quote is-layout-flow wp-block-quote-is-layout-flow\">\n<p>Moitas grazas. Dar\u00e9mosllos claro que si. Seguro que lle fai moita ilusi\u00f3n.<\/p>\n<\/blockquote>\n\n\n\n<p><strong>Cando comezastes con este segundo n\u00famero?<\/strong><\/p>\n\n\n\n<blockquote class=\"wp-block-quote is-layout-flow wp-block-quote-is-layout-flow\">\n<p>O forte foi no segundo trimestre. No primeiro tiramos a idea e no segundo xa nos puxemos a darlle duro. O traballo vai collendo velocidade a medida que avanza o curso.<\/p>\n<\/blockquote>\n\n\n\n<p><strong>E cando presentamos a publicaci\u00f3n?<\/strong><\/p>\n\n\n\n<blockquote class=\"wp-block-quote is-layout-flow wp-block-quote-is-layout-flow\">\n<p>O d\u00eda 23<\/p>\n<\/blockquote>\n\n\n\n<p><strong>A diferencia m\u00e1is importante entre o n\u00famero inicial e este est\u00e1, supo\u00f1o, na incorporaci\u00f3n da perspectiva art\u00edstica non Pedro?<\/strong><\/p>\n\n\n\n<blockquote class=\"wp-block-quote is-layout-flow wp-block-quote-is-layout-flow\">\n<p>Si, sen d\u00fabida. Ti e eu xa nos co\u00f1ecemos desde hai tempo, Tino, e xa sabes que eu son de ensanchar a mente todo o que se poida na abordaxe das disciplinas de co\u00f1ecemento que os l\u00edmites biol\u00f3xicos da vida nos permitan abordar.<\/p>\n<\/blockquote>\n\n\n\n<p><strong>\u00c9 absolutamente as\u00ed Pedro. Ti xa sabes tam\u00e9n que a mi\u00f1a vida \u00e9 unha continua viaxe, e os ratos que temos a oportunidade de compartir tempo e conversar son terriblemente enriquecedores para min. Este n\u00famero, non s\u00f3 desde unha perspectiva est\u00e9tica sen\u00f3n tam\u00e9n desde unha visi\u00f3n conceptual \u00e9 m\u00e1is s\u00f3lido que o anterior?<\/strong><\/p>\n\n\n\n<blockquote class=\"wp-block-quote is-layout-flow wp-block-quote-is-layout-flow\">\n<p>Iso creo, polo menos \u00e9 o que pretendemos. Detr\u00e1s de cada texto, de cada tema que aparece na revista hai un enorme traballo previo de selecci\u00f3n e an\u00e1lise.<\/p>\n<\/blockquote>\n\n\n\n<p><strong>Juan Carlos que criterios utilizaches para o dese\u00f1o est\u00e9tico do exemplar?<\/strong><\/p>\n\n\n\n<blockquote class=\"wp-block-quote is-layout-flow wp-block-quote-is-layout-flow\">\n<p>Fundamentalmente deixar que eles deran renda solta \u00e1 s\u00faa creatividade. E aprend\u00edn moito deles , non che vaias crer.<\/p>\n<\/blockquote>\n\n\n\n<p><strong>Por exemplo?<\/strong><\/p>\n\n\n\n<blockquote class=\"wp-block-quote is-layout-flow wp-block-quote-is-layout-flow\">\n<p>Pois a modo de exemplo podo mencionar a sobriedade da portada. Iso foi cousa deles. E que pode querer dicir iso? Que un adolescente pode ter a sensibilidade necesaria para preferir o conceptual ao ornamental, o significado ao significante.<\/p>\n<\/blockquote>\n\n\n\n<p><strong>Apaixonante. Os tipos humanos rep\u00edtense e minusvalorar \u00e1 xeraci\u00f3n que ven despois \u00e9 simplemente falso?<\/strong><\/p>\n\n\n\n<blockquote class=\"wp-block-quote is-layout-flow wp-block-quote-is-layout-flow\">\n<p>\u00c9 falso si. Desde logo que esa tendencia que existe en todas as xeraci\u00f3ns non se corresponde coa realidade. O mesmo feito de que os mozos e mozas se impliquen con enorme interese na elaboraci\u00f3n desta revista \u00e9 un indicio claro<strong>-apunta Pedro<\/strong>-de que ,como manifesta Juan Carlos, esa tendencia a minusvalorar \u00e1 xeraci\u00f3n que ven despois non \u00e9 real.<\/p>\n<\/blockquote>\n\n\n\n<p><strong>Esta pregunta vai para os dous: A arte debe de ter unha finalidade exclusivamente est\u00e9tica? Ou debe de manifestarse ao respecto do contexto social no que se insire?<\/strong><\/p>\n\n\n\n<blockquote class=\"wp-block-quote is-layout-flow wp-block-quote-is-layout-flow\">\n<p><strong>Juan Carlos<\/strong>: A arte forma parte dun contexto e as\u00ed o debe transmitir. Pero baixo o meu punto de vista non debe de ser unha arte panfletaria. A arte non pode deixar de esixirse a si mesma uns par\u00e1metros est\u00e9ticos m\u00ednimos.<\/p>\n<\/blockquote>\n\n\n\n<blockquote class=\"wp-block-quote is-layout-flow wp-block-quote-is-layout-flow\">\n<p><strong>Pedro: <\/strong>Eu son de filosof\u00eda, que che vou dicir &#8230;..<\/p>\n<\/blockquote>\n\n\n\n<p><strong>Ha ha ha ha. Seguro que compartes o meu criterio?<\/strong><\/p>\n\n\n\n<blockquote class=\"wp-block-quote is-layout-flow wp-block-quote-is-layout-flow\">\n<p>Creo que si. A arte ten que implicarse e axudar a que o espectador se faga preguntas a si mesmo. Calquera obra art\u00edstica que provoque un sentimento, unha emoci\u00f3n ou unha d\u00fabida no espectador est\u00e1 contribu\u00edndo a facelo mellor.<\/p>\n<\/blockquote>\n\n\n\n<p><strong>Esta vai para Juan Carlos: Ti pensas que \u00e1 hora de determinar a calidade dunha obra de arte existen par\u00e1metros obxectivos que poidan determinar se a ten ou non?<\/strong><\/p>\n\n\n\n<blockquote class=\"wp-block-quote is-layout-flow wp-block-quote-is-layout-flow\">\n<p>Non creo que exista un par\u00e1metro universal. Estes var\u00edan en funci\u00f3n da cada contexto hist\u00f3rico. Isto non quere dicir que te\u00f1a unha posici\u00f3n relativista. Non todo o mundo est\u00e1 capacitado para producir arte, igual que non todo o mundo pode ser futbolista ou entender os razoamentos matem\u00e1ticos complexos.<\/p>\n<\/blockquote>\n\n\n\n<p><strong>Pedro se tiveras que sintetizar cal \u00e9 obxectivo esencial da publicaci\u00f3n?<\/strong><\/p>\n\n\n\n<blockquote class=\"wp-block-quote is-layout-flow wp-block-quote-is-layout-flow\">\n<p>Axudar aos mozos e mozas a que poidan constru\u00edr un pensamento cr\u00edtico aut\u00f3nomo coa valent\u00eda necesaria para romper as fronteiras e clich\u00e9s do estritamente normativo.<\/p>\n<\/blockquote>\n\n\n\n<p><strong>Temos claro que no 2024 haber\u00e1 n\u00famero 3 supo\u00f1o?<\/strong><\/p>\n\n\n\n<blockquote class=\"wp-block-quote is-layout-flow wp-block-quote-is-layout-flow\">\n<p>Si, desde logo que si.<\/p>\n<\/blockquote>\n\n\n\n<p><strong>Como se financiou a publicaci\u00f3n?<\/strong><\/p>\n\n\n\n<blockquote class=\"wp-block-quote is-layout-flow wp-block-quote-is-layout-flow\">\n<p>Unha pequena parte p\u00faxoa o instituto e a maior cantidade foi financiada polo noso Concello.<\/p>\n<\/blockquote>\n","protected":false},"excerpt":{"rendered":"<div class=\"mh-excerpt\"><p>or segundo ano consecutivo os alumnos e alumnas de segundo de bacharelato do IES Pino Manso do Porri\u00f1o ve\u00f1en de editar a s\u00faa revista O Pino <a class=\"mh-excerpt-more\" href=\"https:\/\/www.anovapeneira.gal\/index.php\/2023\/06\/20\/2o-numero-da-revista-o-pino\/\" title=\"2\u00ba N\u00famero da Revista O Pino\">[&#8230;]<\/a><\/p>\n<\/div>","protected":false},"author":2,"featured_media":9972,"comment_status":"open","ping_status":"open","sticky":false,"template":"","format":"standard","meta":{"_exactmetrics_skip_tracking":false,"_exactmetrics_sitenote_active":false,"_exactmetrics_sitenote_note":"","_exactmetrics_sitenote_category":0,"footnotes":""},"categories":[265],"tags":[411],"class_list":{"0":"post-9965","1":"post","2":"type-post","3":"status-publish","4":"format-standard","5":"has-post-thumbnail","7":"category-a-lourina-entrevistas","8":"tag-concello-do-porrino"},"yoast_head":"<!-- This site is optimized with the Yoast SEO plugin v27.4 - https:\/\/yoast.com\/product\/yoast-seo-wordpress\/ -->\n<title>2\u00ba N\u00famero da Revista O Pino -<\/title>\n<meta name=\"description\" content=\"or segundo ano consecutivo os alumnos e alumnas de segundo de bacharelato do IES Pino Manso do Porri\u00f1o ve\u00f1en de editar a s\u00faa revista O Pino\" \/>\n<meta name=\"robots\" content=\"index, follow, max-snippet:-1, max-image-preview:large, max-video-preview:-1\" \/>\n<link rel=\"canonical\" href=\"https:\/\/www.anovapeneira.gal\/index.php\/2023\/06\/20\/2o-numero-da-revista-o-pino\/\" \/>\n<meta property=\"og:locale\" content=\"gl_ES\" \/>\n<meta property=\"og:type\" content=\"article\" \/>\n<meta property=\"og:title\" content=\"2\u00ba N\u00famero da Revista O Pino -\" \/>\n<meta property=\"og:description\" content=\"or segundo ano consecutivo os alumnos e alumnas de segundo de bacharelato do IES Pino Manso do Porri\u00f1o ve\u00f1en de editar a s\u00faa revista O Pino\" \/>\n<meta property=\"og:url\" content=\"https:\/\/www.anovapeneira.gal\/index.php\/2023\/06\/20\/2o-numero-da-revista-o-pino\/\" \/>\n<meta property=\"article:publisher\" content=\"https:\/\/www.facebook.com\/anovapeneira\" \/>\n<meta property=\"article:published_time\" content=\"2023-06-20T10:00:50+00:00\" \/>\n<meta property=\"article:modified_time\" content=\"2023-06-20T11:11:54+00:00\" \/>\n<meta property=\"og:image\" content=\"https:\/\/www.anovapeneira.gal\/wp-content\/uploads\/2023\/06\/revista_o_pino2.jpg\" \/>\n\t<meta property=\"og:image:width\" content=\"720\" \/>\n\t<meta property=\"og:image:height\" content=\"432\" \/>\n\t<meta property=\"og:image:type\" content=\"image\/jpeg\" \/>\n<meta name=\"author\" content=\"Tino Lago\" \/>\n<meta name=\"twitter:card\" content=\"summary_large_image\" \/>\n<meta name=\"twitter:creator\" content=\"@APeneira\" \/>\n<meta name=\"twitter:site\" content=\"@APeneira\" \/>\n<meta name=\"twitter:label1\" content=\"Escrito por\" \/>\n\t<meta name=\"twitter:data1\" content=\"Tino Lago\" \/>\n\t<meta name=\"twitter:label2\" content=\"Tempo de lectura\" \/>\n\t<meta name=\"twitter:data2\" content=\"7 minutos\" \/>\n<script type=\"application\/ld+json\" class=\"yoast-schema-graph\">{\"@context\":\"https:\\\/\\\/schema.org\",\"@graph\":[{\"@type\":\"Article\",\"@id\":\"https:\\\/\\\/www.anovapeneira.gal\\\/index.php\\\/2023\\\/06\\\/20\\\/2o-numero-da-revista-o-pino\\\/#article\",\"isPartOf\":{\"@id\":\"https:\\\/\\\/www.anovapeneira.gal\\\/index.php\\\/2023\\\/06\\\/20\\\/2o-numero-da-revista-o-pino\\\/\"},\"author\":{\"name\":\"Tino Lago\",\"@id\":\"https:\\\/\\\/www.anovapeneira.gal\\\/#\\\/schema\\\/person\\\/424dfe65e3070fd8a44d22d2c088762a\"},\"headline\":\"2\u00ba N\u00famero da Revista O Pino\",\"datePublished\":\"2023-06-20T10:00:50+00:00\",\"dateModified\":\"2023-06-20T11:11:54+00:00\",\"mainEntityOfPage\":{\"@id\":\"https:\\\/\\\/www.anovapeneira.gal\\\/index.php\\\/2023\\\/06\\\/20\\\/2o-numero-da-revista-o-pino\\\/\"},\"wordCount\":1306,\"commentCount\":0,\"publisher\":{\"@id\":\"https:\\\/\\\/www.anovapeneira.gal\\\/#organization\"},\"image\":{\"@id\":\"https:\\\/\\\/www.anovapeneira.gal\\\/index.php\\\/2023\\\/06\\\/20\\\/2o-numero-da-revista-o-pino\\\/#primaryimage\"},\"thumbnailUrl\":\"https:\\\/\\\/www.anovapeneira.gal\\\/wp-content\\\/uploads\\\/2023\\\/06\\\/revista_o_pino2.jpg\",\"keywords\":[\"Concello do Porri\u00f1o\"],\"articleSection\":[\"A Louri\u00f1a\"],\"inLanguage\":\"gl-ES\",\"potentialAction\":[{\"@type\":\"CommentAction\",\"name\":\"Comment\",\"target\":[\"https:\\\/\\\/www.anovapeneira.gal\\\/index.php\\\/2023\\\/06\\\/20\\\/2o-numero-da-revista-o-pino\\\/#respond\"]}]},{\"@type\":\"WebPage\",\"@id\":\"https:\\\/\\\/www.anovapeneira.gal\\\/index.php\\\/2023\\\/06\\\/20\\\/2o-numero-da-revista-o-pino\\\/\",\"url\":\"https:\\\/\\\/www.anovapeneira.gal\\\/index.php\\\/2023\\\/06\\\/20\\\/2o-numero-da-revista-o-pino\\\/\",\"name\":\"2\u00ba N\u00famero da Revista O Pino -\",\"isPartOf\":{\"@id\":\"https:\\\/\\\/www.anovapeneira.gal\\\/#website\"},\"primaryImageOfPage\":{\"@id\":\"https:\\\/\\\/www.anovapeneira.gal\\\/index.php\\\/2023\\\/06\\\/20\\\/2o-numero-da-revista-o-pino\\\/#primaryimage\"},\"image\":{\"@id\":\"https:\\\/\\\/www.anovapeneira.gal\\\/index.php\\\/2023\\\/06\\\/20\\\/2o-numero-da-revista-o-pino\\\/#primaryimage\"},\"thumbnailUrl\":\"https:\\\/\\\/www.anovapeneira.gal\\\/wp-content\\\/uploads\\\/2023\\\/06\\\/revista_o_pino2.jpg\",\"datePublished\":\"2023-06-20T10:00:50+00:00\",\"dateModified\":\"2023-06-20T11:11:54+00:00\",\"description\":\"or segundo ano consecutivo os alumnos e alumnas de segundo de bacharelato do IES Pino Manso do Porri\u00f1o ve\u00f1en de editar a s\u00faa revista O Pino\",\"breadcrumb\":{\"@id\":\"https:\\\/\\\/www.anovapeneira.gal\\\/index.php\\\/2023\\\/06\\\/20\\\/2o-numero-da-revista-o-pino\\\/#breadcrumb\"},\"inLanguage\":\"gl-ES\",\"potentialAction\":[{\"@type\":\"ReadAction\",\"target\":[\"https:\\\/\\\/www.anovapeneira.gal\\\/index.php\\\/2023\\\/06\\\/20\\\/2o-numero-da-revista-o-pino\\\/\"]}]},{\"@type\":\"ImageObject\",\"inLanguage\":\"gl-ES\",\"@id\":\"https:\\\/\\\/www.anovapeneira.gal\\\/index.php\\\/2023\\\/06\\\/20\\\/2o-numero-da-revista-o-pino\\\/#primaryimage\",\"url\":\"https:\\\/\\\/www.anovapeneira.gal\\\/wp-content\\\/uploads\\\/2023\\\/06\\\/revista_o_pino2.jpg\",\"contentUrl\":\"https:\\\/\\\/www.anovapeneira.gal\\\/wp-content\\\/uploads\\\/2023\\\/06\\\/revista_o_pino2.jpg\",\"width\":720,\"height\":432,\"caption\":\"2\u00ba N\u00famero da Revista O Pino\"},{\"@type\":\"BreadcrumbList\",\"@id\":\"https:\\\/\\\/www.anovapeneira.gal\\\/index.php\\\/2023\\\/06\\\/20\\\/2o-numero-da-revista-o-pino\\\/#breadcrumb\",\"itemListElement\":[{\"@type\":\"ListItem\",\"position\":1,\"name\":\"Portada\",\"item\":\"https:\\\/\\\/www.anovapeneira.gal\\\/\"},{\"@type\":\"ListItem\",\"position\":2,\"name\":\"2\u00ba N\u00famero da Revista O Pino\"}]},{\"@type\":\"WebSite\",\"@id\":\"https:\\\/\\\/www.anovapeneira.gal\\\/#website\",\"url\":\"https:\\\/\\\/www.anovapeneira.gal\\\/\",\"name\":\"\",\"description\":\"Xornal galego de informaci\u00f3n xeral Publicaci\u00f3n mensual de novas de Galicia e en especial dos Concellos da sur da provincia de Pontevedra.\",\"publisher\":{\"@id\":\"https:\\\/\\\/www.anovapeneira.gal\\\/#organization\"},\"potentialAction\":[{\"@type\":\"SearchAction\",\"target\":{\"@type\":\"EntryPoint\",\"urlTemplate\":\"https:\\\/\\\/www.anovapeneira.gal\\\/?s={search_term_string}\"},\"query-input\":{\"@type\":\"PropertyValueSpecification\",\"valueRequired\":true,\"valueName\":\"search_term_string\"}}],\"inLanguage\":\"gl-ES\"},{\"@type\":\"Organization\",\"@id\":\"https:\\\/\\\/www.anovapeneira.gal\\\/#organization\",\"name\":\"A Nova Peneira\",\"url\":\"https:\\\/\\\/www.anovapeneira.gal\\\/\",\"logo\":{\"@type\":\"ImageObject\",\"inLanguage\":\"gl-ES\",\"@id\":\"https:\\\/\\\/www.anovapeneira.gal\\\/#\\\/schema\\\/logo\\\/image\\\/\",\"url\":\"http:\\\/\\\/www.anovapeneira.gal\\\/wp-content\\\/uploads\\\/2019\\\/06\\\/logo_a_nova_peneira_portal_web.png\",\"contentUrl\":\"http:\\\/\\\/www.anovapeneira.gal\\\/wp-content\\\/uploads\\\/2019\\\/06\\\/logo_a_nova_peneira_portal_web.png\",\"width\":300,\"height\":100,\"caption\":\"A Nova Peneira\"},\"image\":{\"@id\":\"https:\\\/\\\/www.anovapeneira.gal\\\/#\\\/schema\\\/logo\\\/image\\\/\"},\"sameAs\":[\"https:\\\/\\\/www.facebook.com\\\/anovapeneira\",\"https:\\\/\\\/x.com\\\/APeneira\"]},{\"@type\":\"Person\",\"@id\":\"https:\\\/\\\/www.anovapeneira.gal\\\/#\\\/schema\\\/person\\\/424dfe65e3070fd8a44d22d2c088762a\",\"name\":\"Tino Lago\",\"image\":{\"@type\":\"ImageObject\",\"inLanguage\":\"gl-ES\",\"@id\":\"https:\\\/\\\/secure.gravatar.com\\\/avatar\\\/b3df6a06e44bab3111583b90f0f33a0379ee5e3d22cbadd232d39f21c30c62be?s=96&d=mm&r=g\",\"url\":\"https:\\\/\\\/secure.gravatar.com\\\/avatar\\\/b3df6a06e44bab3111583b90f0f33a0379ee5e3d22cbadd232d39f21c30c62be?s=96&d=mm&r=g\",\"contentUrl\":\"https:\\\/\\\/secure.gravatar.com\\\/avatar\\\/b3df6a06e44bab3111583b90f0f33a0379ee5e3d22cbadd232d39f21c30c62be?s=96&d=mm&r=g\",\"caption\":\"Tino Lago\"},\"sameAs\":[\"http:\\\/\\\/www.anovapeneira.gal\"],\"url\":\"https:\\\/\\\/www.anovapeneira.gal\\\/index.php\\\/author\\\/director\\\/\"}]}<\/script>\n<!-- \/ Yoast SEO plugin. -->","yoast_head_json":{"title":"2\u00ba N\u00famero da Revista O Pino -","description":"or segundo ano consecutivo os alumnos e alumnas de segundo de bacharelato do IES Pino Manso do Porri\u00f1o ve\u00f1en de editar a s\u00faa revista O Pino","robots":{"index":"index","follow":"follow","max-snippet":"max-snippet:-1","max-image-preview":"max-image-preview:large","max-video-preview":"max-video-preview:-1"},"canonical":"https:\/\/www.anovapeneira.gal\/index.php\/2023\/06\/20\/2o-numero-da-revista-o-pino\/","og_locale":"gl_ES","og_type":"article","og_title":"2\u00ba N\u00famero da Revista O Pino -","og_description":"or segundo ano consecutivo os alumnos e alumnas de segundo de bacharelato do IES Pino Manso do Porri\u00f1o ve\u00f1en de editar a s\u00faa revista O Pino","og_url":"https:\/\/www.anovapeneira.gal\/index.php\/2023\/06\/20\/2o-numero-da-revista-o-pino\/","article_publisher":"https:\/\/www.facebook.com\/anovapeneira","article_published_time":"2023-06-20T10:00:50+00:00","article_modified_time":"2023-06-20T11:11:54+00:00","og_image":[{"width":720,"height":432,"url":"https:\/\/www.anovapeneira.gal\/wp-content\/uploads\/2023\/06\/revista_o_pino2.jpg","type":"image\/jpeg"}],"author":"Tino Lago","twitter_card":"summary_large_image","twitter_creator":"@APeneira","twitter_site":"@APeneira","twitter_misc":{"Escrito por":"Tino Lago","Tempo de lectura":"7 minutos"},"schema":{"@context":"https:\/\/schema.org","@graph":[{"@type":"Article","@id":"https:\/\/www.anovapeneira.gal\/index.php\/2023\/06\/20\/2o-numero-da-revista-o-pino\/#article","isPartOf":{"@id":"https:\/\/www.anovapeneira.gal\/index.php\/2023\/06\/20\/2o-numero-da-revista-o-pino\/"},"author":{"name":"Tino Lago","@id":"https:\/\/www.anovapeneira.gal\/#\/schema\/person\/424dfe65e3070fd8a44d22d2c088762a"},"headline":"2\u00ba N\u00famero da Revista O Pino","datePublished":"2023-06-20T10:00:50+00:00","dateModified":"2023-06-20T11:11:54+00:00","mainEntityOfPage":{"@id":"https:\/\/www.anovapeneira.gal\/index.php\/2023\/06\/20\/2o-numero-da-revista-o-pino\/"},"wordCount":1306,"commentCount":0,"publisher":{"@id":"https:\/\/www.anovapeneira.gal\/#organization"},"image":{"@id":"https:\/\/www.anovapeneira.gal\/index.php\/2023\/06\/20\/2o-numero-da-revista-o-pino\/#primaryimage"},"thumbnailUrl":"https:\/\/www.anovapeneira.gal\/wp-content\/uploads\/2023\/06\/revista_o_pino2.jpg","keywords":["Concello do Porri\u00f1o"],"articleSection":["A Louri\u00f1a"],"inLanguage":"gl-ES","potentialAction":[{"@type":"CommentAction","name":"Comment","target":["https:\/\/www.anovapeneira.gal\/index.php\/2023\/06\/20\/2o-numero-da-revista-o-pino\/#respond"]}]},{"@type":"WebPage","@id":"https:\/\/www.anovapeneira.gal\/index.php\/2023\/06\/20\/2o-numero-da-revista-o-pino\/","url":"https:\/\/www.anovapeneira.gal\/index.php\/2023\/06\/20\/2o-numero-da-revista-o-pino\/","name":"2\u00ba N\u00famero da Revista O Pino -","isPartOf":{"@id":"https:\/\/www.anovapeneira.gal\/#website"},"primaryImageOfPage":{"@id":"https:\/\/www.anovapeneira.gal\/index.php\/2023\/06\/20\/2o-numero-da-revista-o-pino\/#primaryimage"},"image":{"@id":"https:\/\/www.anovapeneira.gal\/index.php\/2023\/06\/20\/2o-numero-da-revista-o-pino\/#primaryimage"},"thumbnailUrl":"https:\/\/www.anovapeneira.gal\/wp-content\/uploads\/2023\/06\/revista_o_pino2.jpg","datePublished":"2023-06-20T10:00:50+00:00","dateModified":"2023-06-20T11:11:54+00:00","description":"or segundo ano consecutivo os alumnos e alumnas de segundo de bacharelato do IES Pino Manso do Porri\u00f1o ve\u00f1en de editar a s\u00faa revista O Pino","breadcrumb":{"@id":"https:\/\/www.anovapeneira.gal\/index.php\/2023\/06\/20\/2o-numero-da-revista-o-pino\/#breadcrumb"},"inLanguage":"gl-ES","potentialAction":[{"@type":"ReadAction","target":["https:\/\/www.anovapeneira.gal\/index.php\/2023\/06\/20\/2o-numero-da-revista-o-pino\/"]}]},{"@type":"ImageObject","inLanguage":"gl-ES","@id":"https:\/\/www.anovapeneira.gal\/index.php\/2023\/06\/20\/2o-numero-da-revista-o-pino\/#primaryimage","url":"https:\/\/www.anovapeneira.gal\/wp-content\/uploads\/2023\/06\/revista_o_pino2.jpg","contentUrl":"https:\/\/www.anovapeneira.gal\/wp-content\/uploads\/2023\/06\/revista_o_pino2.jpg","width":720,"height":432,"caption":"2\u00ba N\u00famero da Revista O Pino"},{"@type":"BreadcrumbList","@id":"https:\/\/www.anovapeneira.gal\/index.php\/2023\/06\/20\/2o-numero-da-revista-o-pino\/#breadcrumb","itemListElement":[{"@type":"ListItem","position":1,"name":"Portada","item":"https:\/\/www.anovapeneira.gal\/"},{"@type":"ListItem","position":2,"name":"2\u00ba N\u00famero da Revista O Pino"}]},{"@type":"WebSite","@id":"https:\/\/www.anovapeneira.gal\/#website","url":"https:\/\/www.anovapeneira.gal\/","name":"","description":"Xornal galego de informaci\u00f3n xeral Publicaci\u00f3n mensual de novas de Galicia e en especial dos Concellos da sur da provincia de Pontevedra.","publisher":{"@id":"https:\/\/www.anovapeneira.gal\/#organization"},"potentialAction":[{"@type":"SearchAction","target":{"@type":"EntryPoint","urlTemplate":"https:\/\/www.anovapeneira.gal\/?s={search_term_string}"},"query-input":{"@type":"PropertyValueSpecification","valueRequired":true,"valueName":"search_term_string"}}],"inLanguage":"gl-ES"},{"@type":"Organization","@id":"https:\/\/www.anovapeneira.gal\/#organization","name":"A Nova Peneira","url":"https:\/\/www.anovapeneira.gal\/","logo":{"@type":"ImageObject","inLanguage":"gl-ES","@id":"https:\/\/www.anovapeneira.gal\/#\/schema\/logo\/image\/","url":"http:\/\/www.anovapeneira.gal\/wp-content\/uploads\/2019\/06\/logo_a_nova_peneira_portal_web.png","contentUrl":"http:\/\/www.anovapeneira.gal\/wp-content\/uploads\/2019\/06\/logo_a_nova_peneira_portal_web.png","width":300,"height":100,"caption":"A Nova Peneira"},"image":{"@id":"https:\/\/www.anovapeneira.gal\/#\/schema\/logo\/image\/"},"sameAs":["https:\/\/www.facebook.com\/anovapeneira","https:\/\/x.com\/APeneira"]},{"@type":"Person","@id":"https:\/\/www.anovapeneira.gal\/#\/schema\/person\/424dfe65e3070fd8a44d22d2c088762a","name":"Tino Lago","image":{"@type":"ImageObject","inLanguage":"gl-ES","@id":"https:\/\/secure.gravatar.com\/avatar\/b3df6a06e44bab3111583b90f0f33a0379ee5e3d22cbadd232d39f21c30c62be?s=96&d=mm&r=g","url":"https:\/\/secure.gravatar.com\/avatar\/b3df6a06e44bab3111583b90f0f33a0379ee5e3d22cbadd232d39f21c30c62be?s=96&d=mm&r=g","contentUrl":"https:\/\/secure.gravatar.com\/avatar\/b3df6a06e44bab3111583b90f0f33a0379ee5e3d22cbadd232d39f21c30c62be?s=96&d=mm&r=g","caption":"Tino Lago"},"sameAs":["http:\/\/www.anovapeneira.gal"],"url":"https:\/\/www.anovapeneira.gal\/index.php\/author\/director\/"}]}},"jetpack_featured_media_url":"https:\/\/www.anovapeneira.gal\/wp-content\/uploads\/2023\/06\/revista_o_pino2.jpg","_links":{"self":[{"href":"https:\/\/www.anovapeneira.gal\/index.php\/wp-json\/wp\/v2\/posts\/9965","targetHints":{"allow":["GET"]}}],"collection":[{"href":"https:\/\/www.anovapeneira.gal\/index.php\/wp-json\/wp\/v2\/posts"}],"about":[{"href":"https:\/\/www.anovapeneira.gal\/index.php\/wp-json\/wp\/v2\/types\/post"}],"author":[{"embeddable":true,"href":"https:\/\/www.anovapeneira.gal\/index.php\/wp-json\/wp\/v2\/users\/2"}],"replies":[{"embeddable":true,"href":"https:\/\/www.anovapeneira.gal\/index.php\/wp-json\/wp\/v2\/comments?post=9965"}],"version-history":[{"count":2,"href":"https:\/\/www.anovapeneira.gal\/index.php\/wp-json\/wp\/v2\/posts\/9965\/revisions"}],"predecessor-version":[{"id":9973,"href":"https:\/\/www.anovapeneira.gal\/index.php\/wp-json\/wp\/v2\/posts\/9965\/revisions\/9973"}],"wp:featuredmedia":[{"embeddable":true,"href":"https:\/\/www.anovapeneira.gal\/index.php\/wp-json\/wp\/v2\/media\/9972"}],"wp:attachment":[{"href":"https:\/\/www.anovapeneira.gal\/index.php\/wp-json\/wp\/v2\/media?parent=9965"}],"wp:term":[{"taxonomy":"category","embeddable":true,"href":"https:\/\/www.anovapeneira.gal\/index.php\/wp-json\/wp\/v2\/categories?post=9965"},{"taxonomy":"post_tag","embeddable":true,"href":"https:\/\/www.anovapeneira.gal\/index.php\/wp-json\/wp\/v2\/tags?post=9965"}],"curies":[{"name":"wp","href":"https:\/\/api.w.org\/{rel}","templated":true}]}}