{"id":9970,"date":"2023-06-21T12:00:38","date_gmt":"2023-06-21T10:00:38","guid":{"rendered":"https:\/\/www.anovapeneira.gal\/?p=9970"},"modified":"2023-06-19T13:04:02","modified_gmt":"2023-06-19T11:04:02","slug":"a-loita-da-dereita-contra-a-esquerda","status":"publish","type":"post","link":"https:\/\/www.anovapeneira.gal\/index.php\/2023\/06\/21\/a-loita-da-dereita-contra-a-esquerda\/","title":{"rendered":"A loita da dereita contra a esquerda"},"content":{"rendered":"\n<pre class=\"wp-block-verse\">Manuel Alfonso Est\u00e9vez<\/pre>\n\n\n\n<p>Con mais de 91 anos enriba de min, digo que estamos vivindo a mais deplorable situaci\u00f3n habida ata agora, onde de unha forma descarnada e vergo\u00f1enta, chamada oposici\u00f3n,mant\u00e9n a practica de Xos\u00e9 Mar\u00eda Aznar, do todo vale, para chegar o poder; e para elo, a xente en xeral, deixase manipular mesturando outras ideolox\u00edas, cando chegado o momento das Elecci\u00f3n Xerais, se esforzan en ocupar o espazo que a _xente de ben_ necesita.<\/p>\n\n\n\n<p>Este espazo \u00e9 a cordura, a transparencia, o respecto e o bo servizo polo Ben Com\u00fan, principio cooperativo desco\u00f1ecido para moitos.<\/p>\n\n\n\n<p>Valores inexistentes,no mundo dos pol\u00edticos parasitos que ten o noso pa\u00eds, confirmando o mapa democr\u00e1tico que da pena. E, queiramos ou non, pese os erros cometidos por o noso presidente, Don Pedro S\u00e1nchez, \u00e9 para min, e tam\u00e9n para outros, o mellor presidente dende a morte de Franco, e o mellor representante internacional que temos, sen esquecernos do seu traballo, con mais ou menos acerto, na Comunidade Europea, respectado e atendido, onde a envexa pol\u00edtica duns poucos ve\u00f1en corroendo as instituci\u00f3ns do noso pa\u00eds.<\/p>\n\n\n\n<p>Non intentedes encarnar nas dereitas o af\u00e1n de preservar a orde e o benestar social, freando os representantes obreiros, os estudantes, e os l\u00edderes veci\u00f1ais, porque todos eles forman parte do cami\u00f1o a seguir, e non do car\u00e1cter ap\u00e1tico, conservador e caciquil da dereita, que non lle importa estar nas instituci\u00f3ns dignamente, en igualdade i en xustiza.<\/p>\n\n\n\n<p>Eu si que vou a votar a don Pedro S\u00e1nchez, para que siga gobernando o pais co seu goberno, -pese os erros &#8211; e non a esa \u201corquestrada\u201d, chamada dereita que da pena escoitala. E, a mesma de sempre; os mesmos farsantes disfrazados de paz, prosperidade e harmon\u00eda. Un enredo novo que ven de lonxe. E, xa os digo, \u00eddevos preparando para a subida de impostos, e a reduci\u00f3n de impostos pros ricos, e lembrade os aumentos das pensi\u00f3ns do 0.25% de Mariano Rajoy e o 8.50% de Pedro S\u00e1nchez. Logo, Non digades que non somos a Espa\u00f1a da pandereta!<\/p>\n\n\n\n<p>E tendo presente as leis adoptadas por don Pedro S\u00e1nchez, favorecendo os mais necesitados, \u201ctodo moi feo para a oposici\u00f3n e vellos socialistas do pan con cebola\u201d, est\u00e1 claro! Ti pensionista, que non votas a don Pedro S\u00e1nchez, o que che toca da subida da pensi\u00f3n \u00e9 o 1% o cal \u00e9 inxusto, para ti, para min e para os demais.<\/p>\n\n\n\n<p>Hoxe por hoxe, c\u00e1eme a faciana de vergo\u00f1a escoitar chamarlle a don Pedro S\u00e1nchez, mentir\u00e1n, t\u00f3dolos d\u00edas, polas \u201cLeis absurdas do seu goberno\u201d, cando foi i \u00e9, o mellor presidente de sempre, con unha boa imaxe, que non lle atemoriza o pulso en decidir, as veces moi dif\u00edcil &#8211; guste ou non &#8211; con un alto nivel de personalidade, que ningu\u00e9n outro pol\u00edtico tivo ata agora.<\/p>\n\n\n\n<p>Non hai peor inimigo que OS DE SEMPRE para fomentar, d\u00eda e noite, a desestabilizaci\u00f3n do pa\u00eds. Quedemos pois, coa boa xesti\u00f3n de don PEDRO S\u00c1NCHEZ, e coa responsabilidade das instituci\u00f3ns, para que estas Elecci\u00f3n Xerais do 23X, non termine en tr\u00e1xica comedia, como pretenden alg\u00fans.<\/p>\n\n\n\n<p>Eu vou a votar a don Pedro S\u00e1nchez, defendendo os que non votan; para que non consiga o \u201cbando contrario\u201d o linchamento xeral, sen importarlles non s\u00f3 os \u201cresultados de emprego\u201d, a boa pol\u00edtica de Estado, etc.<\/p>\n\n\n\n<p>Eu, por si acaso, os digo que vaiades tomando boa nota das medidas tomadas polo goberno de don Pedro S\u00e1nchez, por si non os lembrades:<\/p>\n\n\n\n<p>&#8211; Subida do 8,5% del salario.<\/p>\n\n\n\n<p>&#8211; Cheque de 200 Euros para os sen recursos.<\/p>\n\n\n\n<p>&#8211; Ingreso m\u00ednimo vital.<\/p>\n\n\n\n<p>&#8211; Subsidio amas de casa.<\/p>\n\n\n\n<p>&#8211; Tarefa regulada da auga e luz.<\/p>\n\n\n\n<p>&#8211; Reduci\u00f3n IVA en alimentos.<\/p>\n\n\n\n<p>&#8211; Axuda adquisici\u00f3n de vivendas os xoves.<\/p>\n\n\n\n<p>&#8211; Axudas a Xuventude sen traballo.<\/p>\n\n\n\n<p>&#8211; Bono Cultural Xuventude.<\/p>\n\n\n\n<p>&#8211; Transporte de balde.<\/p>\n\n\n\n<p>&#8211; Becas.<\/p>\n\n\n\n<p>&#8211; Axudas emprendedores.<\/p>\n\n\n\n<p>&#8211; Reduci\u00f3ns carburantes.<\/p>\n\n\n\n<p>&#8211; Record de afiliados a Seguridad Social.<\/p>\n\n\n\n<p>Todo a cambio dun goberno que nos enche de impostos. E, todo pola mala xesti\u00f3n de Don Pedro S\u00e1nchez e seu Goberno. E o malo e que o xubilado vota a outro presidente alleo, porque de todo hai neste pa\u00eds.<\/p>\n\n\n\n<p>E, Logo despois se queixan!<\/p>\n\n\n\n<p>Eu si que vou a votar a don Pedro S\u00e1nchez, porque \u00e9 votar a ESQUERDA, porque a dereita xa sabemos o que \u00e9, e cal \u00e9 o seus resultado.<\/p>\n","protected":false},"excerpt":{"rendered":"<div class=\"mh-excerpt\"><p>Con mais de 91 anos enriba de min, digo que estamos vivindo a mais deplorable situaci\u00f3n habida ata agora, onde de unha forma descarnada e vergo\u00f1enta, chamada oposici\u00f3n,mant\u00e9n a practica de Xos\u00e9 Mar\u00eda Aznar, do todo vale, para chegar o poder <a class=\"mh-excerpt-more\" href=\"https:\/\/www.anovapeneira.gal\/index.php\/2023\/06\/21\/a-loita-da-dereita-contra-a-esquerda\/\" title=\"A loita da dereita contra a esquerda\">[&#8230;]<\/a><\/p>\n<\/div>","protected":false},"author":40,"featured_media":5108,"comment_status":"open","ping_status":"open","sticky":false,"template":"","format":"standard","meta":{"_exactmetrics_skip_tracking":false,"_exactmetrics_sitenote_active":false,"_exactmetrics_sitenote_note":"","_exactmetrics_sitenote_category":0,"footnotes":""},"categories":[7],"tags":[],"class_list":{"0":"post-9970","1":"post","2":"type-post","3":"status-publish","4":"format-standard","5":"has-post-thumbnail","7":"category-artigos-de-opinion"},"yoast_head":"<!-- This site is optimized with the Yoast SEO plugin v27.4 - https:\/\/yoast.com\/product\/yoast-seo-wordpress\/ -->\n<title>A loita da dereita contra a esquerda -<\/title>\n<meta name=\"description\" content=\"Con mais de 91 anos enriba de min, digo que estamos vivindo a mais deplorable situaci\u00f3n habida ata agora, onde de unha forma descarnada e vergo\u00f1enta, chamada oposici\u00f3n,mant\u00e9n a practica de Xos\u00e9 Mar\u00eda Aznar, do todo vale, para chegar o poder\" \/>\n<meta name=\"robots\" content=\"index, follow, max-snippet:-1, max-image-preview:large, max-video-preview:-1\" \/>\n<link rel=\"canonical\" href=\"https:\/\/www.anovapeneira.gal\/index.php\/2023\/06\/21\/a-loita-da-dereita-contra-a-esquerda\/\" \/>\n<meta property=\"og:locale\" content=\"gl_ES\" \/>\n<meta property=\"og:type\" content=\"article\" \/>\n<meta property=\"og:title\" content=\"A loita da dereita contra a esquerda -\" \/>\n<meta property=\"og:description\" content=\"Con mais de 91 anos enriba de min, digo que estamos vivindo a mais deplorable situaci\u00f3n habida ata agora, onde de unha forma descarnada e vergo\u00f1enta, chamada oposici\u00f3n,mant\u00e9n a practica de Xos\u00e9 Mar\u00eda Aznar, do todo vale, para chegar o poder\" \/>\n<meta property=\"og:url\" content=\"https:\/\/www.anovapeneira.gal\/index.php\/2023\/06\/21\/a-loita-da-dereita-contra-a-esquerda\/\" \/>\n<meta property=\"article:publisher\" content=\"https:\/\/www.facebook.com\/anovapeneira\" \/>\n<meta property=\"article:published_time\" content=\"2023-06-21T10:00:38+00:00\" \/>\n<meta property=\"og:image\" content=\"https:\/\/www.anovapeneira.gal\/wp-content\/uploads\/2021\/03\/manuel_alfonso_estevez.jpg\" \/>\n\t<meta property=\"og:image:width\" content=\"720\" \/>\n\t<meta property=\"og:image:height\" content=\"432\" \/>\n\t<meta property=\"og:image:type\" content=\"image\/jpeg\" \/>\n<meta name=\"author\" content=\"Manuel Alfonso Est\u00e9vez\" \/>\n<meta name=\"twitter:card\" content=\"summary_large_image\" \/>\n<meta name=\"twitter:creator\" content=\"@APeneira\" \/>\n<meta name=\"twitter:site\" content=\"@APeneira\" \/>\n<meta name=\"twitter:label1\" content=\"Escrito por\" \/>\n\t<meta name=\"twitter:data1\" content=\"Manuel Alfonso Est\u00e9vez\" \/>\n\t<meta name=\"twitter:label2\" content=\"Tempo de lectura\" \/>\n\t<meta name=\"twitter:data2\" content=\"4 minutos\" \/>\n<script type=\"application\/ld+json\" class=\"yoast-schema-graph\">{\"@context\":\"https:\\\/\\\/schema.org\",\"@graph\":[{\"@type\":\"Article\",\"@id\":\"https:\\\/\\\/www.anovapeneira.gal\\\/index.php\\\/2023\\\/06\\\/21\\\/a-loita-da-dereita-contra-a-esquerda\\\/#article\",\"isPartOf\":{\"@id\":\"https:\\\/\\\/www.anovapeneira.gal\\\/index.php\\\/2023\\\/06\\\/21\\\/a-loita-da-dereita-contra-a-esquerda\\\/\"},\"author\":{\"name\":\"Manuel Alfonso Est\u00e9vez\",\"@id\":\"https:\\\/\\\/www.anovapeneira.gal\\\/#\\\/schema\\\/person\\\/6561b93d53e7a32f5d814768163bae2a\"},\"headline\":\"A loita da dereita contra a esquerda\",\"datePublished\":\"2023-06-21T10:00:38+00:00\",\"mainEntityOfPage\":{\"@id\":\"https:\\\/\\\/www.anovapeneira.gal\\\/index.php\\\/2023\\\/06\\\/21\\\/a-loita-da-dereita-contra-a-esquerda\\\/\"},\"wordCount\":774,\"commentCount\":0,\"publisher\":{\"@id\":\"https:\\\/\\\/www.anovapeneira.gal\\\/#organization\"},\"image\":{\"@id\":\"https:\\\/\\\/www.anovapeneira.gal\\\/index.php\\\/2023\\\/06\\\/21\\\/a-loita-da-dereita-contra-a-esquerda\\\/#primaryimage\"},\"thumbnailUrl\":\"https:\\\/\\\/www.anovapeneira.gal\\\/wp-content\\\/uploads\\\/2021\\\/03\\\/manuel_alfonso_estevez.jpg\",\"articleSection\":[\"Artigos de opini\u00f3n\"],\"inLanguage\":\"gl-ES\",\"potentialAction\":[{\"@type\":\"CommentAction\",\"name\":\"Comment\",\"target\":[\"https:\\\/\\\/www.anovapeneira.gal\\\/index.php\\\/2023\\\/06\\\/21\\\/a-loita-da-dereita-contra-a-esquerda\\\/#respond\"]}]},{\"@type\":\"WebPage\",\"@id\":\"https:\\\/\\\/www.anovapeneira.gal\\\/index.php\\\/2023\\\/06\\\/21\\\/a-loita-da-dereita-contra-a-esquerda\\\/\",\"url\":\"https:\\\/\\\/www.anovapeneira.gal\\\/index.php\\\/2023\\\/06\\\/21\\\/a-loita-da-dereita-contra-a-esquerda\\\/\",\"name\":\"A loita da dereita contra a esquerda -\",\"isPartOf\":{\"@id\":\"https:\\\/\\\/www.anovapeneira.gal\\\/#website\"},\"primaryImageOfPage\":{\"@id\":\"https:\\\/\\\/www.anovapeneira.gal\\\/index.php\\\/2023\\\/06\\\/21\\\/a-loita-da-dereita-contra-a-esquerda\\\/#primaryimage\"},\"image\":{\"@id\":\"https:\\\/\\\/www.anovapeneira.gal\\\/index.php\\\/2023\\\/06\\\/21\\\/a-loita-da-dereita-contra-a-esquerda\\\/#primaryimage\"},\"thumbnailUrl\":\"https:\\\/\\\/www.anovapeneira.gal\\\/wp-content\\\/uploads\\\/2021\\\/03\\\/manuel_alfonso_estevez.jpg\",\"datePublished\":\"2023-06-21T10:00:38+00:00\",\"description\":\"Con mais de 91 anos enriba de min, digo que estamos vivindo a mais deplorable situaci\u00f3n habida ata agora, onde de unha forma descarnada e vergo\u00f1enta, chamada oposici\u00f3n,mant\u00e9n a practica de Xos\u00e9 Mar\u00eda Aznar, do todo vale, para chegar o poder\",\"breadcrumb\":{\"@id\":\"https:\\\/\\\/www.anovapeneira.gal\\\/index.php\\\/2023\\\/06\\\/21\\\/a-loita-da-dereita-contra-a-esquerda\\\/#breadcrumb\"},\"inLanguage\":\"gl-ES\",\"potentialAction\":[{\"@type\":\"ReadAction\",\"target\":[\"https:\\\/\\\/www.anovapeneira.gal\\\/index.php\\\/2023\\\/06\\\/21\\\/a-loita-da-dereita-contra-a-esquerda\\\/\"]}]},{\"@type\":\"ImageObject\",\"inLanguage\":\"gl-ES\",\"@id\":\"https:\\\/\\\/www.anovapeneira.gal\\\/index.php\\\/2023\\\/06\\\/21\\\/a-loita-da-dereita-contra-a-esquerda\\\/#primaryimage\",\"url\":\"https:\\\/\\\/www.anovapeneira.gal\\\/wp-content\\\/uploads\\\/2021\\\/03\\\/manuel_alfonso_estevez.jpg\",\"contentUrl\":\"https:\\\/\\\/www.anovapeneira.gal\\\/wp-content\\\/uploads\\\/2021\\\/03\\\/manuel_alfonso_estevez.jpg\",\"width\":720,\"height\":432,\"caption\":\"Manuel Alfonso Est\u00e9vez. Historia viva de Fornelos da Ribeira\"},{\"@type\":\"BreadcrumbList\",\"@id\":\"https:\\\/\\\/www.anovapeneira.gal\\\/index.php\\\/2023\\\/06\\\/21\\\/a-loita-da-dereita-contra-a-esquerda\\\/#breadcrumb\",\"itemListElement\":[{\"@type\":\"ListItem\",\"position\":1,\"name\":\"Portada\",\"item\":\"https:\\\/\\\/www.anovapeneira.gal\\\/\"},{\"@type\":\"ListItem\",\"position\":2,\"name\":\"A loita da dereita contra a esquerda\"}]},{\"@type\":\"WebSite\",\"@id\":\"https:\\\/\\\/www.anovapeneira.gal\\\/#website\",\"url\":\"https:\\\/\\\/www.anovapeneira.gal\\\/\",\"name\":\"\",\"description\":\"Xornal galego de informaci\u00f3n xeral Publicaci\u00f3n mensual de novas de Galicia e en especial dos Concellos da sur da provincia de Pontevedra.\",\"publisher\":{\"@id\":\"https:\\\/\\\/www.anovapeneira.gal\\\/#organization\"},\"potentialAction\":[{\"@type\":\"SearchAction\",\"target\":{\"@type\":\"EntryPoint\",\"urlTemplate\":\"https:\\\/\\\/www.anovapeneira.gal\\\/?s={search_term_string}\"},\"query-input\":{\"@type\":\"PropertyValueSpecification\",\"valueRequired\":true,\"valueName\":\"search_term_string\"}}],\"inLanguage\":\"gl-ES\"},{\"@type\":\"Organization\",\"@id\":\"https:\\\/\\\/www.anovapeneira.gal\\\/#organization\",\"name\":\"A Nova Peneira\",\"url\":\"https:\\\/\\\/www.anovapeneira.gal\\\/\",\"logo\":{\"@type\":\"ImageObject\",\"inLanguage\":\"gl-ES\",\"@id\":\"https:\\\/\\\/www.anovapeneira.gal\\\/#\\\/schema\\\/logo\\\/image\\\/\",\"url\":\"http:\\\/\\\/www.anovapeneira.gal\\\/wp-content\\\/uploads\\\/2019\\\/06\\\/logo_a_nova_peneira_portal_web.png\",\"contentUrl\":\"http:\\\/\\\/www.anovapeneira.gal\\\/wp-content\\\/uploads\\\/2019\\\/06\\\/logo_a_nova_peneira_portal_web.png\",\"width\":300,\"height\":100,\"caption\":\"A Nova Peneira\"},\"image\":{\"@id\":\"https:\\\/\\\/www.anovapeneira.gal\\\/#\\\/schema\\\/logo\\\/image\\\/\"},\"sameAs\":[\"https:\\\/\\\/www.facebook.com\\\/anovapeneira\",\"https:\\\/\\\/x.com\\\/APeneira\"]},{\"@type\":\"Person\",\"@id\":\"https:\\\/\\\/www.anovapeneira.gal\\\/#\\\/schema\\\/person\\\/6561b93d53e7a32f5d814768163bae2a\",\"name\":\"Manuel Alfonso Est\u00e9vez\",\"image\":{\"@type\":\"ImageObject\",\"inLanguage\":\"gl-ES\",\"@id\":\"https:\\\/\\\/secure.gravatar.com\\\/avatar\\\/f5d3e86603a02dabc520fdacad8691552cb5b3b57ede8828ababc7095c054594?s=96&d=mm&r=g\",\"url\":\"https:\\\/\\\/secure.gravatar.com\\\/avatar\\\/f5d3e86603a02dabc520fdacad8691552cb5b3b57ede8828ababc7095c054594?s=96&d=mm&r=g\",\"contentUrl\":\"https:\\\/\\\/secure.gravatar.com\\\/avatar\\\/f5d3e86603a02dabc520fdacad8691552cb5b3b57ede8828ababc7095c054594?s=96&d=mm&r=g\",\"caption\":\"Manuel Alfonso Est\u00e9vez\"},\"url\":\"https:\\\/\\\/www.anovapeneira.gal\\\/index.php\\\/author\\\/manuelalfonso\\\/\"}]}<\/script>\n<!-- \/ Yoast SEO plugin. -->","yoast_head_json":{"title":"A loita da dereita contra a esquerda -","description":"Con mais de 91 anos enriba de min, digo que estamos vivindo a mais deplorable situaci\u00f3n habida ata agora, onde de unha forma descarnada e vergo\u00f1enta, chamada oposici\u00f3n,mant\u00e9n a practica de Xos\u00e9 Mar\u00eda Aznar, do todo vale, para chegar o poder","robots":{"index":"index","follow":"follow","max-snippet":"max-snippet:-1","max-image-preview":"max-image-preview:large","max-video-preview":"max-video-preview:-1"},"canonical":"https:\/\/www.anovapeneira.gal\/index.php\/2023\/06\/21\/a-loita-da-dereita-contra-a-esquerda\/","og_locale":"gl_ES","og_type":"article","og_title":"A loita da dereita contra a esquerda -","og_description":"Con mais de 91 anos enriba de min, digo que estamos vivindo a mais deplorable situaci\u00f3n habida ata agora, onde de unha forma descarnada e vergo\u00f1enta, chamada oposici\u00f3n,mant\u00e9n a practica de Xos\u00e9 Mar\u00eda Aznar, do todo vale, para chegar o poder","og_url":"https:\/\/www.anovapeneira.gal\/index.php\/2023\/06\/21\/a-loita-da-dereita-contra-a-esquerda\/","article_publisher":"https:\/\/www.facebook.com\/anovapeneira","article_published_time":"2023-06-21T10:00:38+00:00","og_image":[{"width":720,"height":432,"url":"https:\/\/www.anovapeneira.gal\/wp-content\/uploads\/2021\/03\/manuel_alfonso_estevez.jpg","type":"image\/jpeg"}],"author":"Manuel Alfonso Est\u00e9vez","twitter_card":"summary_large_image","twitter_creator":"@APeneira","twitter_site":"@APeneira","twitter_misc":{"Escrito por":"Manuel Alfonso Est\u00e9vez","Tempo de lectura":"4 minutos"},"schema":{"@context":"https:\/\/schema.org","@graph":[{"@type":"Article","@id":"https:\/\/www.anovapeneira.gal\/index.php\/2023\/06\/21\/a-loita-da-dereita-contra-a-esquerda\/#article","isPartOf":{"@id":"https:\/\/www.anovapeneira.gal\/index.php\/2023\/06\/21\/a-loita-da-dereita-contra-a-esquerda\/"},"author":{"name":"Manuel Alfonso Est\u00e9vez","@id":"https:\/\/www.anovapeneira.gal\/#\/schema\/person\/6561b93d53e7a32f5d814768163bae2a"},"headline":"A loita da dereita contra a esquerda","datePublished":"2023-06-21T10:00:38+00:00","mainEntityOfPage":{"@id":"https:\/\/www.anovapeneira.gal\/index.php\/2023\/06\/21\/a-loita-da-dereita-contra-a-esquerda\/"},"wordCount":774,"commentCount":0,"publisher":{"@id":"https:\/\/www.anovapeneira.gal\/#organization"},"image":{"@id":"https:\/\/www.anovapeneira.gal\/index.php\/2023\/06\/21\/a-loita-da-dereita-contra-a-esquerda\/#primaryimage"},"thumbnailUrl":"https:\/\/www.anovapeneira.gal\/wp-content\/uploads\/2021\/03\/manuel_alfonso_estevez.jpg","articleSection":["Artigos de opini\u00f3n"],"inLanguage":"gl-ES","potentialAction":[{"@type":"CommentAction","name":"Comment","target":["https:\/\/www.anovapeneira.gal\/index.php\/2023\/06\/21\/a-loita-da-dereita-contra-a-esquerda\/#respond"]}]},{"@type":"WebPage","@id":"https:\/\/www.anovapeneira.gal\/index.php\/2023\/06\/21\/a-loita-da-dereita-contra-a-esquerda\/","url":"https:\/\/www.anovapeneira.gal\/index.php\/2023\/06\/21\/a-loita-da-dereita-contra-a-esquerda\/","name":"A loita da dereita contra a esquerda -","isPartOf":{"@id":"https:\/\/www.anovapeneira.gal\/#website"},"primaryImageOfPage":{"@id":"https:\/\/www.anovapeneira.gal\/index.php\/2023\/06\/21\/a-loita-da-dereita-contra-a-esquerda\/#primaryimage"},"image":{"@id":"https:\/\/www.anovapeneira.gal\/index.php\/2023\/06\/21\/a-loita-da-dereita-contra-a-esquerda\/#primaryimage"},"thumbnailUrl":"https:\/\/www.anovapeneira.gal\/wp-content\/uploads\/2021\/03\/manuel_alfonso_estevez.jpg","datePublished":"2023-06-21T10:00:38+00:00","description":"Con mais de 91 anos enriba de min, digo que estamos vivindo a mais deplorable situaci\u00f3n habida ata agora, onde de unha forma descarnada e vergo\u00f1enta, chamada oposici\u00f3n,mant\u00e9n a practica de Xos\u00e9 Mar\u00eda Aznar, do todo vale, para chegar o poder","breadcrumb":{"@id":"https:\/\/www.anovapeneira.gal\/index.php\/2023\/06\/21\/a-loita-da-dereita-contra-a-esquerda\/#breadcrumb"},"inLanguage":"gl-ES","potentialAction":[{"@type":"ReadAction","target":["https:\/\/www.anovapeneira.gal\/index.php\/2023\/06\/21\/a-loita-da-dereita-contra-a-esquerda\/"]}]},{"@type":"ImageObject","inLanguage":"gl-ES","@id":"https:\/\/www.anovapeneira.gal\/index.php\/2023\/06\/21\/a-loita-da-dereita-contra-a-esquerda\/#primaryimage","url":"https:\/\/www.anovapeneira.gal\/wp-content\/uploads\/2021\/03\/manuel_alfonso_estevez.jpg","contentUrl":"https:\/\/www.anovapeneira.gal\/wp-content\/uploads\/2021\/03\/manuel_alfonso_estevez.jpg","width":720,"height":432,"caption":"Manuel Alfonso Est\u00e9vez. Historia viva de Fornelos da Ribeira"},{"@type":"BreadcrumbList","@id":"https:\/\/www.anovapeneira.gal\/index.php\/2023\/06\/21\/a-loita-da-dereita-contra-a-esquerda\/#breadcrumb","itemListElement":[{"@type":"ListItem","position":1,"name":"Portada","item":"https:\/\/www.anovapeneira.gal\/"},{"@type":"ListItem","position":2,"name":"A loita da dereita contra a esquerda"}]},{"@type":"WebSite","@id":"https:\/\/www.anovapeneira.gal\/#website","url":"https:\/\/www.anovapeneira.gal\/","name":"","description":"Xornal galego de informaci\u00f3n xeral Publicaci\u00f3n mensual de novas de Galicia e en especial dos Concellos da sur da provincia de Pontevedra.","publisher":{"@id":"https:\/\/www.anovapeneira.gal\/#organization"},"potentialAction":[{"@type":"SearchAction","target":{"@type":"EntryPoint","urlTemplate":"https:\/\/www.anovapeneira.gal\/?s={search_term_string}"},"query-input":{"@type":"PropertyValueSpecification","valueRequired":true,"valueName":"search_term_string"}}],"inLanguage":"gl-ES"},{"@type":"Organization","@id":"https:\/\/www.anovapeneira.gal\/#organization","name":"A Nova Peneira","url":"https:\/\/www.anovapeneira.gal\/","logo":{"@type":"ImageObject","inLanguage":"gl-ES","@id":"https:\/\/www.anovapeneira.gal\/#\/schema\/logo\/image\/","url":"http:\/\/www.anovapeneira.gal\/wp-content\/uploads\/2019\/06\/logo_a_nova_peneira_portal_web.png","contentUrl":"http:\/\/www.anovapeneira.gal\/wp-content\/uploads\/2019\/06\/logo_a_nova_peneira_portal_web.png","width":300,"height":100,"caption":"A Nova Peneira"},"image":{"@id":"https:\/\/www.anovapeneira.gal\/#\/schema\/logo\/image\/"},"sameAs":["https:\/\/www.facebook.com\/anovapeneira","https:\/\/x.com\/APeneira"]},{"@type":"Person","@id":"https:\/\/www.anovapeneira.gal\/#\/schema\/person\/6561b93d53e7a32f5d814768163bae2a","name":"Manuel Alfonso Est\u00e9vez","image":{"@type":"ImageObject","inLanguage":"gl-ES","@id":"https:\/\/secure.gravatar.com\/avatar\/f5d3e86603a02dabc520fdacad8691552cb5b3b57ede8828ababc7095c054594?s=96&d=mm&r=g","url":"https:\/\/secure.gravatar.com\/avatar\/f5d3e86603a02dabc520fdacad8691552cb5b3b57ede8828ababc7095c054594?s=96&d=mm&r=g","contentUrl":"https:\/\/secure.gravatar.com\/avatar\/f5d3e86603a02dabc520fdacad8691552cb5b3b57ede8828ababc7095c054594?s=96&d=mm&r=g","caption":"Manuel Alfonso Est\u00e9vez"},"url":"https:\/\/www.anovapeneira.gal\/index.php\/author\/manuelalfonso\/"}]}},"jetpack_featured_media_url":"https:\/\/www.anovapeneira.gal\/wp-content\/uploads\/2021\/03\/manuel_alfonso_estevez.jpg","_links":{"self":[{"href":"https:\/\/www.anovapeneira.gal\/index.php\/wp-json\/wp\/v2\/posts\/9970","targetHints":{"allow":["GET"]}}],"collection":[{"href":"https:\/\/www.anovapeneira.gal\/index.php\/wp-json\/wp\/v2\/posts"}],"about":[{"href":"https:\/\/www.anovapeneira.gal\/index.php\/wp-json\/wp\/v2\/types\/post"}],"author":[{"embeddable":true,"href":"https:\/\/www.anovapeneira.gal\/index.php\/wp-json\/wp\/v2\/users\/40"}],"replies":[{"embeddable":true,"href":"https:\/\/www.anovapeneira.gal\/index.php\/wp-json\/wp\/v2\/comments?post=9970"}],"version-history":[{"count":1,"href":"https:\/\/www.anovapeneira.gal\/index.php\/wp-json\/wp\/v2\/posts\/9970\/revisions"}],"predecessor-version":[{"id":9971,"href":"https:\/\/www.anovapeneira.gal\/index.php\/wp-json\/wp\/v2\/posts\/9970\/revisions\/9971"}],"wp:featuredmedia":[{"embeddable":true,"href":"https:\/\/www.anovapeneira.gal\/index.php\/wp-json\/wp\/v2\/media\/5108"}],"wp:attachment":[{"href":"https:\/\/www.anovapeneira.gal\/index.php\/wp-json\/wp\/v2\/media?parent=9970"}],"wp:term":[{"taxonomy":"category","embeddable":true,"href":"https:\/\/www.anovapeneira.gal\/index.php\/wp-json\/wp\/v2\/categories?post=9970"},{"taxonomy":"post_tag","embeddable":true,"href":"https:\/\/www.anovapeneira.gal\/index.php\/wp-json\/wp\/v2\/tags?post=9970"}],"curies":[{"name":"wp","href":"https:\/\/api.w.org\/{rel}","templated":true}]}}