{"id":9974,"date":"2023-06-22T10:00:03","date_gmt":"2023-06-22T08:00:03","guid":{"rendered":"https:\/\/www.anovapeneira.gal\/?p=9974"},"modified":"2023-06-20T13:17:30","modified_gmt":"2023-06-20T11:17:30","slug":"tomino-alza-a-voz-contra-o-abuso-e-o-maltrato-as-persoas-maiores","status":"publish","type":"post","link":"https:\/\/www.anovapeneira.gal\/index.php\/2023\/06\/22\/tomino-alza-a-voz-contra-o-abuso-e-o-maltrato-as-persoas-maiores\/","title":{"rendered":"Tomi\u00f1o alza a voz contra o abuso e o maltrato \u00e1s persoas maiores"},"content":{"rendered":"\n<h2 class=\"wp-block-heading\"><strong>Veci\u00f1anza e representantes de asociaci\u00f3ns e instituci\u00f3ns celebraron un acto para visibilizar unha problem\u00e1tica cada vez m\u00e1is habitual na sociedade<\/strong><\/h2>\n\n\n\n<p><strong>Tomi\u00f1o, 15 de xu\u00f1o de 2023<\/strong><\/p>\n\n\n\n<p>Galicia conta cunha poboaci\u00f3n envellecida, co dobre de persoas maiores de 65 anos que de rapazas e rapaces de menos de 16. Nesta realidade, Tomi\u00f1o conmemorou hoxe o D\u00eda Mundial da Toma de Conciencia do Abuso e Maltrato \u00e1 vellez para visibilizar unha problem\u00e1tica cada vez m\u00e1is habitual entre a sociedade.<\/p>\n\n\n\n<p>Representantes de diferentes instituci\u00f3ns e asociaci\u00f3ns do municipio realizaron unha marcha colectiva dende o Centro de D\u00eda de Tomi\u00f1o ata a Praza do Seixo para rematar coa lectura dun manifesto co que concienciar sobre este problema de sa\u00fade p\u00fablica e de violaci\u00f3n de dereitos humanos.<\/p>\n\n\n\n<p>Nesta lectura participaron persoas usuarias do Centro de D\u00eda, da Asociaci\u00f3n Vontade, de San Xerome Emiliani, do programa de maiores do Concello de Tomi\u00f1o \u2018React\u00edvate\u2019, da Garda Civil, profesorado do IES Ant\u00f3n Alonso R\u00edos, representantes dos Servizos Sociais do municipio e a alcaldesa, Sandra Gonz\u00e1lez.<\/p>\n\n\n\n<p>Durante o acto os tomi\u00f1eses e tomi\u00f1esas levantaron a voz contra un maltrato silenciado e normalizado, xa que se d\u00e1 en c\u00edrculos de confianza, de medo a represalias, de illamento social, de falta de conciencia, de dependencia ou de deterioro cognitivo da persoa que o padece. S\u00f3 no ano 2022 rexistr\u00e1ronse en Espa\u00f1a m\u00e1is de 700 casos de abusos a persoas maiores, un maltrato que vai m\u00e1is al\u00e1 de golpes ou insultos, xa que o tipo de abusos m\u00e1is rexistrados foron a neglixencia por abandono, falta de coidados de hixiene ou de alimentaci\u00f3n correcta, entre outros.<\/p>\n","protected":false},"excerpt":{"rendered":"<div class=\"mh-excerpt\"><p>Veci\u00f1anza e representantes de asociaci\u00f3ns e instituci\u00f3ns celebraron un acto para visibilizar unha problem\u00e1tica cada vez m\u00e1is habitual na sociedade <a class=\"mh-excerpt-more\" href=\"https:\/\/www.anovapeneira.gal\/index.php\/2023\/06\/22\/tomino-alza-a-voz-contra-o-abuso-e-o-maltrato-as-persoas-maiores\/\" title=\"Tomi\u00f1o alza a voz contra o abuso e o maltrato \u00e1s persoas maiores\">[&#8230;]<\/a><\/p>\n<\/div>","protected":false},"author":1,"featured_media":9975,"comment_status":"open","ping_status":"open","sticky":false,"template":"","format":"standard","meta":{"_exactmetrics_skip_tracking":false,"_exactmetrics_sitenote_active":false,"_exactmetrics_sitenote_note":"","_exactmetrics_sitenote_category":0,"footnotes":""},"categories":[1],"tags":[],"class_list":{"0":"post-9974","1":"post","2":"type-post","3":"status-publish","4":"format-standard","5":"has-post-thumbnail","7":"category-sin-categoria"},"yoast_head":"<!-- This site is optimized with the Yoast SEO plugin v27.4 - https:\/\/yoast.com\/product\/yoast-seo-wordpress\/ -->\n<title>Tomi\u00f1o alza a voz contra o abuso e o maltrato \u00e1s persoas maiores -<\/title>\n<meta name=\"robots\" content=\"index, follow, max-snippet:-1, max-image-preview:large, max-video-preview:-1\" \/>\n<link rel=\"canonical\" href=\"https:\/\/www.anovapeneira.gal\/index.php\/2023\/06\/22\/tomino-alza-a-voz-contra-o-abuso-e-o-maltrato-as-persoas-maiores\/\" \/>\n<meta property=\"og:locale\" content=\"gl_ES\" \/>\n<meta property=\"og:type\" content=\"article\" \/>\n<meta property=\"og:title\" content=\"Tomi\u00f1o alza a voz contra o abuso e o maltrato \u00e1s persoas maiores -\" \/>\n<meta property=\"og:description\" content=\"Veci\u00f1anza e representantes de asociaci\u00f3ns e instituci\u00f3ns celebraron un acto para visibilizar unha problem\u00e1tica cada vez m\u00e1is habitual na sociedade [...]\" \/>\n<meta property=\"og:url\" content=\"https:\/\/www.anovapeneira.gal\/index.php\/2023\/06\/22\/tomino-alza-a-voz-contra-o-abuso-e-o-maltrato-as-persoas-maiores\/\" \/>\n<meta property=\"article:publisher\" content=\"https:\/\/www.facebook.com\/anovapeneira\" \/>\n<meta property=\"article:author\" content=\"https:\/\/www.facebook.com\/anovapeneira\/\" \/>\n<meta property=\"article:published_time\" content=\"2023-06-22T08:00:03+00:00\" \/>\n<meta property=\"og:image\" content=\"https:\/\/www.anovapeneira.gal\/wp-content\/uploads\/2023\/06\/tominho_maltrato_maiores.jpg\" \/>\n\t<meta property=\"og:image:width\" content=\"720\" \/>\n\t<meta property=\"og:image:height\" content=\"432\" \/>\n\t<meta property=\"og:image:type\" content=\"image\/jpeg\" \/>\n<meta name=\"author\" content=\"admin\" \/>\n<meta name=\"twitter:card\" content=\"summary_large_image\" \/>\n<meta name=\"twitter:creator\" content=\"@APeneira\" \/>\n<meta name=\"twitter:site\" content=\"@APeneira\" \/>\n<meta name=\"twitter:label1\" content=\"Escrito por\" \/>\n\t<meta name=\"twitter:data1\" content=\"admin\" \/>\n\t<meta name=\"twitter:label2\" content=\"Tempo de lectura\" \/>\n\t<meta name=\"twitter:data2\" content=\"2 minutos\" \/>\n<script type=\"application\/ld+json\" class=\"yoast-schema-graph\">{\"@context\":\"https:\\\/\\\/schema.org\",\"@graph\":[{\"@type\":\"Article\",\"@id\":\"https:\\\/\\\/www.anovapeneira.gal\\\/index.php\\\/2023\\\/06\\\/22\\\/tomino-alza-a-voz-contra-o-abuso-e-o-maltrato-as-persoas-maiores\\\/#article\",\"isPartOf\":{\"@id\":\"https:\\\/\\\/www.anovapeneira.gal\\\/index.php\\\/2023\\\/06\\\/22\\\/tomino-alza-a-voz-contra-o-abuso-e-o-maltrato-as-persoas-maiores\\\/\"},\"author\":{\"name\":\"admin\",\"@id\":\"https:\\\/\\\/www.anovapeneira.gal\\\/#\\\/schema\\\/person\\\/fb77575328c93684dae4b0075f90c2cb\"},\"headline\":\"Tomi\u00f1o alza a voz contra o abuso e o maltrato \u00e1s persoas maiores\",\"datePublished\":\"2023-06-22T08:00:03+00:00\",\"mainEntityOfPage\":{\"@id\":\"https:\\\/\\\/www.anovapeneira.gal\\\/index.php\\\/2023\\\/06\\\/22\\\/tomino-alza-a-voz-contra-o-abuso-e-o-maltrato-as-persoas-maiores\\\/\"},\"wordCount\":305,\"commentCount\":0,\"publisher\":{\"@id\":\"https:\\\/\\\/www.anovapeneira.gal\\\/#organization\"},\"image\":{\"@id\":\"https:\\\/\\\/www.anovapeneira.gal\\\/index.php\\\/2023\\\/06\\\/22\\\/tomino-alza-a-voz-contra-o-abuso-e-o-maltrato-as-persoas-maiores\\\/#primaryimage\"},\"thumbnailUrl\":\"https:\\\/\\\/www.anovapeneira.gal\\\/wp-content\\\/uploads\\\/2023\\\/06\\\/tominho_maltrato_maiores.jpg\",\"articleSection\":[\"Sin categor\u00eda\"],\"inLanguage\":\"gl-ES\",\"potentialAction\":[{\"@type\":\"CommentAction\",\"name\":\"Comment\",\"target\":[\"https:\\\/\\\/www.anovapeneira.gal\\\/index.php\\\/2023\\\/06\\\/22\\\/tomino-alza-a-voz-contra-o-abuso-e-o-maltrato-as-persoas-maiores\\\/#respond\"]}]},{\"@type\":\"WebPage\",\"@id\":\"https:\\\/\\\/www.anovapeneira.gal\\\/index.php\\\/2023\\\/06\\\/22\\\/tomino-alza-a-voz-contra-o-abuso-e-o-maltrato-as-persoas-maiores\\\/\",\"url\":\"https:\\\/\\\/www.anovapeneira.gal\\\/index.php\\\/2023\\\/06\\\/22\\\/tomino-alza-a-voz-contra-o-abuso-e-o-maltrato-as-persoas-maiores\\\/\",\"name\":\"Tomi\u00f1o alza a voz contra o abuso e o maltrato \u00e1s persoas maiores -\",\"isPartOf\":{\"@id\":\"https:\\\/\\\/www.anovapeneira.gal\\\/#website\"},\"primaryImageOfPage\":{\"@id\":\"https:\\\/\\\/www.anovapeneira.gal\\\/index.php\\\/2023\\\/06\\\/22\\\/tomino-alza-a-voz-contra-o-abuso-e-o-maltrato-as-persoas-maiores\\\/#primaryimage\"},\"image\":{\"@id\":\"https:\\\/\\\/www.anovapeneira.gal\\\/index.php\\\/2023\\\/06\\\/22\\\/tomino-alza-a-voz-contra-o-abuso-e-o-maltrato-as-persoas-maiores\\\/#primaryimage\"},\"thumbnailUrl\":\"https:\\\/\\\/www.anovapeneira.gal\\\/wp-content\\\/uploads\\\/2023\\\/06\\\/tominho_maltrato_maiores.jpg\",\"datePublished\":\"2023-06-22T08:00:03+00:00\",\"breadcrumb\":{\"@id\":\"https:\\\/\\\/www.anovapeneira.gal\\\/index.php\\\/2023\\\/06\\\/22\\\/tomino-alza-a-voz-contra-o-abuso-e-o-maltrato-as-persoas-maiores\\\/#breadcrumb\"},\"inLanguage\":\"gl-ES\",\"potentialAction\":[{\"@type\":\"ReadAction\",\"target\":[\"https:\\\/\\\/www.anovapeneira.gal\\\/index.php\\\/2023\\\/06\\\/22\\\/tomino-alza-a-voz-contra-o-abuso-e-o-maltrato-as-persoas-maiores\\\/\"]}]},{\"@type\":\"ImageObject\",\"inLanguage\":\"gl-ES\",\"@id\":\"https:\\\/\\\/www.anovapeneira.gal\\\/index.php\\\/2023\\\/06\\\/22\\\/tomino-alza-a-voz-contra-o-abuso-e-o-maltrato-as-persoas-maiores\\\/#primaryimage\",\"url\":\"https:\\\/\\\/www.anovapeneira.gal\\\/wp-content\\\/uploads\\\/2023\\\/06\\\/tominho_maltrato_maiores.jpg\",\"contentUrl\":\"https:\\\/\\\/www.anovapeneira.gal\\\/wp-content\\\/uploads\\\/2023\\\/06\\\/tominho_maltrato_maiores.jpg\",\"width\":720,\"height\":432,\"caption\":\"Tomi\u00f1o alza a voz contra o abuso e o maltrato \u00e1s persoas maiores\"},{\"@type\":\"BreadcrumbList\",\"@id\":\"https:\\\/\\\/www.anovapeneira.gal\\\/index.php\\\/2023\\\/06\\\/22\\\/tomino-alza-a-voz-contra-o-abuso-e-o-maltrato-as-persoas-maiores\\\/#breadcrumb\",\"itemListElement\":[{\"@type\":\"ListItem\",\"position\":1,\"name\":\"Portada\",\"item\":\"https:\\\/\\\/www.anovapeneira.gal\\\/\"},{\"@type\":\"ListItem\",\"position\":2,\"name\":\"Tomi\u00f1o alza a voz contra o abuso e o maltrato \u00e1s persoas maiores\"}]},{\"@type\":\"WebSite\",\"@id\":\"https:\\\/\\\/www.anovapeneira.gal\\\/#website\",\"url\":\"https:\\\/\\\/www.anovapeneira.gal\\\/\",\"name\":\"\",\"description\":\"Xornal galego de informaci\u00f3n xeral Publicaci\u00f3n mensual de novas de Galicia e en especial dos Concellos da sur da provincia de Pontevedra.\",\"publisher\":{\"@id\":\"https:\\\/\\\/www.anovapeneira.gal\\\/#organization\"},\"potentialAction\":[{\"@type\":\"SearchAction\",\"target\":{\"@type\":\"EntryPoint\",\"urlTemplate\":\"https:\\\/\\\/www.anovapeneira.gal\\\/?s={search_term_string}\"},\"query-input\":{\"@type\":\"PropertyValueSpecification\",\"valueRequired\":true,\"valueName\":\"search_term_string\"}}],\"inLanguage\":\"gl-ES\"},{\"@type\":\"Organization\",\"@id\":\"https:\\\/\\\/www.anovapeneira.gal\\\/#organization\",\"name\":\"A Nova Peneira\",\"url\":\"https:\\\/\\\/www.anovapeneira.gal\\\/\",\"logo\":{\"@type\":\"ImageObject\",\"inLanguage\":\"gl-ES\",\"@id\":\"https:\\\/\\\/www.anovapeneira.gal\\\/#\\\/schema\\\/logo\\\/image\\\/\",\"url\":\"http:\\\/\\\/www.anovapeneira.gal\\\/wp-content\\\/uploads\\\/2019\\\/06\\\/logo_a_nova_peneira_portal_web.png\",\"contentUrl\":\"http:\\\/\\\/www.anovapeneira.gal\\\/wp-content\\\/uploads\\\/2019\\\/06\\\/logo_a_nova_peneira_portal_web.png\",\"width\":300,\"height\":100,\"caption\":\"A Nova Peneira\"},\"image\":{\"@id\":\"https:\\\/\\\/www.anovapeneira.gal\\\/#\\\/schema\\\/logo\\\/image\\\/\"},\"sameAs\":[\"https:\\\/\\\/www.facebook.com\\\/anovapeneira\",\"https:\\\/\\\/x.com\\\/APeneira\"]},{\"@type\":\"Person\",\"@id\":\"https:\\\/\\\/www.anovapeneira.gal\\\/#\\\/schema\\\/person\\\/fb77575328c93684dae4b0075f90c2cb\",\"name\":\"admin\",\"image\":{\"@type\":\"ImageObject\",\"inLanguage\":\"gl-ES\",\"@id\":\"https:\\\/\\\/secure.gravatar.com\\\/avatar\\\/df15c36ce375448325e0bc870e91bbee95947a002eb98dcfd6c2b053e18843e9?s=96&d=mm&r=g\",\"url\":\"https:\\\/\\\/secure.gravatar.com\\\/avatar\\\/df15c36ce375448325e0bc870e91bbee95947a002eb98dcfd6c2b053e18843e9?s=96&d=mm&r=g\",\"contentUrl\":\"https:\\\/\\\/secure.gravatar.com\\\/avatar\\\/df15c36ce375448325e0bc870e91bbee95947a002eb98dcfd6c2b053e18843e9?s=96&d=mm&r=g\",\"caption\":\"admin\"},\"description\":\"Xornal galego de informaci\u00f3n xeral Publicaci\u00f3n mensual de novas de Galicia e en especial dos Concellos da sur da provincia de Pontevedra.\",\"sameAs\":[\"http:\\\/\\\/www.anovapeneira.gal\\\/\",\"https:\\\/\\\/www.facebook.com\\\/anovapeneira\\\/\"],\"url\":\"https:\\\/\\\/www.anovapeneira.gal\\\/index.php\\\/author\\\/admin\\\/\"}]}<\/script>\n<!-- \/ Yoast SEO plugin. -->","yoast_head_json":{"title":"Tomi\u00f1o alza a voz contra o abuso e o maltrato \u00e1s persoas maiores -","robots":{"index":"index","follow":"follow","max-snippet":"max-snippet:-1","max-image-preview":"max-image-preview:large","max-video-preview":"max-video-preview:-1"},"canonical":"https:\/\/www.anovapeneira.gal\/index.php\/2023\/06\/22\/tomino-alza-a-voz-contra-o-abuso-e-o-maltrato-as-persoas-maiores\/","og_locale":"gl_ES","og_type":"article","og_title":"Tomi\u00f1o alza a voz contra o abuso e o maltrato \u00e1s persoas maiores -","og_description":"Veci\u00f1anza e representantes de asociaci\u00f3ns e instituci\u00f3ns celebraron un acto para visibilizar unha problem\u00e1tica cada vez m\u00e1is habitual na sociedade [...]","og_url":"https:\/\/www.anovapeneira.gal\/index.php\/2023\/06\/22\/tomino-alza-a-voz-contra-o-abuso-e-o-maltrato-as-persoas-maiores\/","article_publisher":"https:\/\/www.facebook.com\/anovapeneira","article_author":"https:\/\/www.facebook.com\/anovapeneira\/","article_published_time":"2023-06-22T08:00:03+00:00","og_image":[{"width":720,"height":432,"url":"https:\/\/www.anovapeneira.gal\/wp-content\/uploads\/2023\/06\/tominho_maltrato_maiores.jpg","type":"image\/jpeg"}],"author":"admin","twitter_card":"summary_large_image","twitter_creator":"@APeneira","twitter_site":"@APeneira","twitter_misc":{"Escrito por":"admin","Tempo de lectura":"2 minutos"},"schema":{"@context":"https:\/\/schema.org","@graph":[{"@type":"Article","@id":"https:\/\/www.anovapeneira.gal\/index.php\/2023\/06\/22\/tomino-alza-a-voz-contra-o-abuso-e-o-maltrato-as-persoas-maiores\/#article","isPartOf":{"@id":"https:\/\/www.anovapeneira.gal\/index.php\/2023\/06\/22\/tomino-alza-a-voz-contra-o-abuso-e-o-maltrato-as-persoas-maiores\/"},"author":{"name":"admin","@id":"https:\/\/www.anovapeneira.gal\/#\/schema\/person\/fb77575328c93684dae4b0075f90c2cb"},"headline":"Tomi\u00f1o alza a voz contra o abuso e o maltrato \u00e1s persoas maiores","datePublished":"2023-06-22T08:00:03+00:00","mainEntityOfPage":{"@id":"https:\/\/www.anovapeneira.gal\/index.php\/2023\/06\/22\/tomino-alza-a-voz-contra-o-abuso-e-o-maltrato-as-persoas-maiores\/"},"wordCount":305,"commentCount":0,"publisher":{"@id":"https:\/\/www.anovapeneira.gal\/#organization"},"image":{"@id":"https:\/\/www.anovapeneira.gal\/index.php\/2023\/06\/22\/tomino-alza-a-voz-contra-o-abuso-e-o-maltrato-as-persoas-maiores\/#primaryimage"},"thumbnailUrl":"https:\/\/www.anovapeneira.gal\/wp-content\/uploads\/2023\/06\/tominho_maltrato_maiores.jpg","articleSection":["Sin categor\u00eda"],"inLanguage":"gl-ES","potentialAction":[{"@type":"CommentAction","name":"Comment","target":["https:\/\/www.anovapeneira.gal\/index.php\/2023\/06\/22\/tomino-alza-a-voz-contra-o-abuso-e-o-maltrato-as-persoas-maiores\/#respond"]}]},{"@type":"WebPage","@id":"https:\/\/www.anovapeneira.gal\/index.php\/2023\/06\/22\/tomino-alza-a-voz-contra-o-abuso-e-o-maltrato-as-persoas-maiores\/","url":"https:\/\/www.anovapeneira.gal\/index.php\/2023\/06\/22\/tomino-alza-a-voz-contra-o-abuso-e-o-maltrato-as-persoas-maiores\/","name":"Tomi\u00f1o alza a voz contra o abuso e o maltrato \u00e1s persoas maiores -","isPartOf":{"@id":"https:\/\/www.anovapeneira.gal\/#website"},"primaryImageOfPage":{"@id":"https:\/\/www.anovapeneira.gal\/index.php\/2023\/06\/22\/tomino-alza-a-voz-contra-o-abuso-e-o-maltrato-as-persoas-maiores\/#primaryimage"},"image":{"@id":"https:\/\/www.anovapeneira.gal\/index.php\/2023\/06\/22\/tomino-alza-a-voz-contra-o-abuso-e-o-maltrato-as-persoas-maiores\/#primaryimage"},"thumbnailUrl":"https:\/\/www.anovapeneira.gal\/wp-content\/uploads\/2023\/06\/tominho_maltrato_maiores.jpg","datePublished":"2023-06-22T08:00:03+00:00","breadcrumb":{"@id":"https:\/\/www.anovapeneira.gal\/index.php\/2023\/06\/22\/tomino-alza-a-voz-contra-o-abuso-e-o-maltrato-as-persoas-maiores\/#breadcrumb"},"inLanguage":"gl-ES","potentialAction":[{"@type":"ReadAction","target":["https:\/\/www.anovapeneira.gal\/index.php\/2023\/06\/22\/tomino-alza-a-voz-contra-o-abuso-e-o-maltrato-as-persoas-maiores\/"]}]},{"@type":"ImageObject","inLanguage":"gl-ES","@id":"https:\/\/www.anovapeneira.gal\/index.php\/2023\/06\/22\/tomino-alza-a-voz-contra-o-abuso-e-o-maltrato-as-persoas-maiores\/#primaryimage","url":"https:\/\/www.anovapeneira.gal\/wp-content\/uploads\/2023\/06\/tominho_maltrato_maiores.jpg","contentUrl":"https:\/\/www.anovapeneira.gal\/wp-content\/uploads\/2023\/06\/tominho_maltrato_maiores.jpg","width":720,"height":432,"caption":"Tomi\u00f1o alza a voz contra o abuso e o maltrato \u00e1s persoas maiores"},{"@type":"BreadcrumbList","@id":"https:\/\/www.anovapeneira.gal\/index.php\/2023\/06\/22\/tomino-alza-a-voz-contra-o-abuso-e-o-maltrato-as-persoas-maiores\/#breadcrumb","itemListElement":[{"@type":"ListItem","position":1,"name":"Portada","item":"https:\/\/www.anovapeneira.gal\/"},{"@type":"ListItem","position":2,"name":"Tomi\u00f1o alza a voz contra o abuso e o maltrato \u00e1s persoas maiores"}]},{"@type":"WebSite","@id":"https:\/\/www.anovapeneira.gal\/#website","url":"https:\/\/www.anovapeneira.gal\/","name":"","description":"Xornal galego de informaci\u00f3n xeral Publicaci\u00f3n mensual de novas de Galicia e en especial dos Concellos da sur da provincia de Pontevedra.","publisher":{"@id":"https:\/\/www.anovapeneira.gal\/#organization"},"potentialAction":[{"@type":"SearchAction","target":{"@type":"EntryPoint","urlTemplate":"https:\/\/www.anovapeneira.gal\/?s={search_term_string}"},"query-input":{"@type":"PropertyValueSpecification","valueRequired":true,"valueName":"search_term_string"}}],"inLanguage":"gl-ES"},{"@type":"Organization","@id":"https:\/\/www.anovapeneira.gal\/#organization","name":"A Nova Peneira","url":"https:\/\/www.anovapeneira.gal\/","logo":{"@type":"ImageObject","inLanguage":"gl-ES","@id":"https:\/\/www.anovapeneira.gal\/#\/schema\/logo\/image\/","url":"http:\/\/www.anovapeneira.gal\/wp-content\/uploads\/2019\/06\/logo_a_nova_peneira_portal_web.png","contentUrl":"http:\/\/www.anovapeneira.gal\/wp-content\/uploads\/2019\/06\/logo_a_nova_peneira_portal_web.png","width":300,"height":100,"caption":"A Nova Peneira"},"image":{"@id":"https:\/\/www.anovapeneira.gal\/#\/schema\/logo\/image\/"},"sameAs":["https:\/\/www.facebook.com\/anovapeneira","https:\/\/x.com\/APeneira"]},{"@type":"Person","@id":"https:\/\/www.anovapeneira.gal\/#\/schema\/person\/fb77575328c93684dae4b0075f90c2cb","name":"admin","image":{"@type":"ImageObject","inLanguage":"gl-ES","@id":"https:\/\/secure.gravatar.com\/avatar\/df15c36ce375448325e0bc870e91bbee95947a002eb98dcfd6c2b053e18843e9?s=96&d=mm&r=g","url":"https:\/\/secure.gravatar.com\/avatar\/df15c36ce375448325e0bc870e91bbee95947a002eb98dcfd6c2b053e18843e9?s=96&d=mm&r=g","contentUrl":"https:\/\/secure.gravatar.com\/avatar\/df15c36ce375448325e0bc870e91bbee95947a002eb98dcfd6c2b053e18843e9?s=96&d=mm&r=g","caption":"admin"},"description":"Xornal galego de informaci\u00f3n xeral Publicaci\u00f3n mensual de novas de Galicia e en especial dos Concellos da sur da provincia de Pontevedra.","sameAs":["http:\/\/www.anovapeneira.gal\/","https:\/\/www.facebook.com\/anovapeneira\/"],"url":"https:\/\/www.anovapeneira.gal\/index.php\/author\/admin\/"}]}},"jetpack_featured_media_url":"https:\/\/www.anovapeneira.gal\/wp-content\/uploads\/2023\/06\/tominho_maltrato_maiores.jpg","_links":{"self":[{"href":"https:\/\/www.anovapeneira.gal\/index.php\/wp-json\/wp\/v2\/posts\/9974","targetHints":{"allow":["GET"]}}],"collection":[{"href":"https:\/\/www.anovapeneira.gal\/index.php\/wp-json\/wp\/v2\/posts"}],"about":[{"href":"https:\/\/www.anovapeneira.gal\/index.php\/wp-json\/wp\/v2\/types\/post"}],"author":[{"embeddable":true,"href":"https:\/\/www.anovapeneira.gal\/index.php\/wp-json\/wp\/v2\/users\/1"}],"replies":[{"embeddable":true,"href":"https:\/\/www.anovapeneira.gal\/index.php\/wp-json\/wp\/v2\/comments?post=9974"}],"version-history":[{"count":1,"href":"https:\/\/www.anovapeneira.gal\/index.php\/wp-json\/wp\/v2\/posts\/9974\/revisions"}],"predecessor-version":[{"id":9976,"href":"https:\/\/www.anovapeneira.gal\/index.php\/wp-json\/wp\/v2\/posts\/9974\/revisions\/9976"}],"wp:featuredmedia":[{"embeddable":true,"href":"https:\/\/www.anovapeneira.gal\/index.php\/wp-json\/wp\/v2\/media\/9975"}],"wp:attachment":[{"href":"https:\/\/www.anovapeneira.gal\/index.php\/wp-json\/wp\/v2\/media?parent=9974"}],"wp:term":[{"taxonomy":"category","embeddable":true,"href":"https:\/\/www.anovapeneira.gal\/index.php\/wp-json\/wp\/v2\/categories?post=9974"},{"taxonomy":"post_tag","embeddable":true,"href":"https:\/\/www.anovapeneira.gal\/index.php\/wp-json\/wp\/v2\/tags?post=9974"}],"curies":[{"name":"wp","href":"https:\/\/api.w.org\/{rel}","templated":true}]}}