{"id":9977,"date":"2023-06-22T12:00:56","date_gmt":"2023-06-22T10:00:56","guid":{"rendered":"https:\/\/www.anovapeneira.gal\/?p=9977"},"modified":"2023-06-20T13:22:20","modified_gmt":"2023-06-20T11:22:20","slug":"o-voto-que-vale-por-tres","status":"publish","type":"post","link":"https:\/\/www.anovapeneira.gal\/index.php\/2023\/06\/22\/o-voto-que-vale-por-tres\/","title":{"rendered":"O voto que vale por tres"},"content":{"rendered":"\n<pre class=\"wp-block-verse\">Manuel S\u00e1nchez D\u00edaz<\/pre>\n\n\n\n<p>Levo d\u00edas a escoitar, en diferentes e sesudas tertulias de barra de bar, o mantra de que nas elecci\u00f3ns do 23 de xullo, se non queremos que goberne a dereita, hai que votar por Pedro S\u00e1nchez ou por Yolanda D\u00edaz, que calquera outra opci\u00f3n \u00e9 tirar co voto e facilitar a entrada de Feij\u00f3o no goberno co apoio de Vox. Argumentos de cu\u00f1ados, de esquerdas ou non, argumentos de cu\u00f1ados son. Que non nos enganen, o sistema pol\u00edtico no Reino de Espa\u00f1a non \u00e9 presidencialista. Non escollemos presidente ou presidenta. O que escollemos o 23X as persoas censadas na Comunidade Aut\u00f3noma de Galicia son as deputadas e deputados polas circunscrici\u00f3ns de A Coru\u00f1a, Ourense, Lugo e Pontevedra que nos van representar no Congreso e no Senado na vindeira lexislatura. As\u00ed de simple. S\u00e1nchez e D\u00edaz non exercen o seu dereito ao sufraxio pasivo nas provincias da Galiza administrativa. Por muita presenza medi\u00e1tica que te\u00f1an, e por muito que apareza a foto da omnipresente ministra en todas as papeletas electorais (como ben dic\u00eda Castelao: \u201cnon vos riades, que o conto \u00e9 triste\u201d), a presidencia esc\u00f3llese de forma indirecta. Son os deputados e deputadas electas por cada circunscrici\u00f3n as que deciden, a posteriori e co seu voto no Parlamento, quen dirixe o goberno.<\/p>\n\n\n\n<p>Como o soberanismo galego organizado existe e tam\u00e9n se presenta, apoiar as listas do BNG pode axudar a que eses votos galeguistas, feministas, ambientalistas e de esquerdas obte\u00f1an representaci\u00f3n nas provincias galegas. Que se transformen en m\u00e1is escanos para o proxecto colectivo que representa o BNG. Mesmo pode facer que a dereita te\u00f1a menos peso se os escanos obtidos son a costa do PP. No caso de disputarlle as actas \u00e1s listas de PSOE e SUMAR, un preg\u00fantase se algu\u00e9n con xu\u00edzo pode pensar que as e os deputados do BNG van investir presidente a Feij\u00f3o. Ou se algu\u00e9n pode afirmar sen ruborizarse que van estar en contra das pol\u00edticas en beneficio das maior\u00edas sociais que decida impulsar un hipot\u00e9tico goberno de PSOE e SUMAR. Ou se existe algunha d\u00fabida sobre quen vai defender sen ataduras unha axenda galega no Parlamento. Votemos o que mellor consideremos, pero non nos fagamos trampas ao solitario con argumentos que non se soste\u00f1en. As persoas dem\u00f3cratas e progresistas que queren impedir que a extrema dereita decida, as que non se resignan e queren vivir aqu\u00ed con dignidade, protexendo o territorio, independentemente da bandeira que os represente ou do idioma que falen, te\u00f1en na Galiza un voto \u00fatil, o do BNG, que vale por 3. Porque defende os intereses galegos en Madrid, porque \u00e9 un freo ao binomio Feij\u00f3o-Abascal e porque contribuir\u00e1 a posicionar na esquerda un hipot\u00e9tico goberno de PSOE e SUMAR.<\/p>\n\n\n\n<p>Se os votos do BNG son necesarios para conformar unha maior\u00eda progresista que sustente o goberno, m\u00e1is recursos p\u00fablicos vanse investir neste afastado recuncho atl\u00e1ntico. \u00c9 o voto que lles doe aos que nos negan, aos que viven de dar de comer \u00e1 aspiradora madrile\u00f1a, aos que din defender a cohesi\u00f3n do estado pero priorizan sempre por interese electoral o eixo mediterr\u00e1neo, con m\u00e1is deputados e deputadas en xogo. Un BNG determinante en Madrid poder\u00eda condicionar, postos a po\u00f1er un exemplo pr\u00e1ctico, a eliminaci\u00f3n da barreira artificiosa que representa a d\u00eda de hoxe a v\u00eda do tren no Porri\u00f1o. Arrincar o compromiso de ADIF para executar un soterramento ambicioso, que non se limite a suprimir o paso a nivel e sirva para comunicar o casco urbano co r\u00edo Louro e con Torneiros. \u00c9 unha cuesti\u00f3n de prioridades, de decidir onde se gastan os cartos p\u00fablicos. Ou \u00e9 que confiamos en que vai ser m\u00e1is doado conseguir a eliminaci\u00f3n da v\u00eda no Porri\u00f1o sen a presenza dos deputados e deputadas do BNG en Madrid?<\/p>\n\n\n\n<p>Manuel S\u00e1nchez D\u00edaz: Comerciante e polit\u00f3logo. Forma parte do Consello Local do BNG no Porri\u00f1o.<\/p>\n","protected":false},"excerpt":{"rendered":"<div class=\"mh-excerpt\"><p>Levo d\u00edas a escoitar, en diferentes e sesudas tertulias de barra de bar, o mantra de que nas elecci\u00f3ns do 23 de xullo, se non queremos que goberne a dereita, hai que votar por Pedro S\u00e1nchez ou por Yolanda D\u00edaz, que calquera outra opci\u00f3n \u00e9 tirar co voto e facilitar a entrada de Feij\u00f3o no goberno co apoio de Vox <a class=\"mh-excerpt-more\" href=\"https:\/\/www.anovapeneira.gal\/index.php\/2023\/06\/22\/o-voto-que-vale-por-tres\/\" title=\"O voto que vale por tres\">[&#8230;]<\/a><\/p>\n<\/div>","protected":false},"author":12,"featured_media":9978,"comment_status":"open","ping_status":"open","sticky":false,"template":"","format":"standard","meta":{"_exactmetrics_skip_tracking":false,"_exactmetrics_sitenote_active":false,"_exactmetrics_sitenote_note":"","_exactmetrics_sitenote_category":0,"footnotes":""},"categories":[7],"tags":[],"class_list":{"0":"post-9977","1":"post","2":"type-post","3":"status-publish","4":"format-standard","5":"has-post-thumbnail","7":"category-artigos-de-opinion"},"yoast_head":"<!-- This site is optimized with the Yoast SEO plugin v27.4 - https:\/\/yoast.com\/product\/yoast-seo-wordpress\/ -->\n<title>O voto que vale por tres -<\/title>\n<meta name=\"description\" content=\"Levo d\u00edas a escoitar, en diferentes e sesudas tertulias de barra de bar, o mantra de que nas elecci\u00f3ns do 23 de xullo, se non queremos que goberne a dereita, hai que votar por Pedro S\u00e1nchez ou por Yolanda D\u00edaz, que calquera outra opci\u00f3n \u00e9 tirar co voto e facilitar a entrada de Feij\u00f3o no goberno co apoio de Vox\" \/>\n<meta name=\"robots\" content=\"index, follow, max-snippet:-1, max-image-preview:large, max-video-preview:-1\" \/>\n<link rel=\"canonical\" href=\"https:\/\/www.anovapeneira.gal\/index.php\/2023\/06\/22\/o-voto-que-vale-por-tres\/\" \/>\n<meta property=\"og:locale\" content=\"gl_ES\" \/>\n<meta property=\"og:type\" content=\"article\" \/>\n<meta property=\"og:title\" content=\"O voto que vale por tres -\" \/>\n<meta property=\"og:description\" content=\"Levo d\u00edas a escoitar, en diferentes e sesudas tertulias de barra de bar, o mantra de que nas elecci\u00f3ns do 23 de xullo, se non queremos que goberne a dereita, hai que votar por Pedro S\u00e1nchez ou por Yolanda D\u00edaz, que calquera outra opci\u00f3n \u00e9 tirar co voto e facilitar a entrada de Feij\u00f3o no goberno co apoio de Vox\" \/>\n<meta property=\"og:url\" content=\"https:\/\/www.anovapeneira.gal\/index.php\/2023\/06\/22\/o-voto-que-vale-por-tres\/\" \/>\n<meta property=\"article:publisher\" content=\"https:\/\/www.facebook.com\/anovapeneira\" \/>\n<meta property=\"article:published_time\" content=\"2023-06-22T10:00:56+00:00\" \/>\n<meta property=\"og:image\" content=\"https:\/\/www.anovapeneira.gal\/wp-content\/uploads\/2023\/06\/Manuel_Sanchez.jpg\" \/>\n\t<meta property=\"og:image:width\" content=\"720\" \/>\n\t<meta property=\"og:image:height\" content=\"432\" \/>\n\t<meta property=\"og:image:type\" content=\"image\/jpeg\" \/>\n<meta name=\"author\" content=\"Artigos Opini\u00f3n\" \/>\n<meta name=\"twitter:card\" content=\"summary_large_image\" \/>\n<meta name=\"twitter:creator\" content=\"@APeneira\" \/>\n<meta name=\"twitter:site\" content=\"@APeneira\" \/>\n<meta name=\"twitter:label1\" content=\"Escrito por\" \/>\n\t<meta name=\"twitter:data1\" content=\"Artigos Opini\u00f3n\" \/>\n\t<meta name=\"twitter:label2\" content=\"Tempo de lectura\" \/>\n\t<meta name=\"twitter:data2\" content=\"4 minutos\" \/>\n<script type=\"application\/ld+json\" class=\"yoast-schema-graph\">{\"@context\":\"https:\\\/\\\/schema.org\",\"@graph\":[{\"@type\":\"Article\",\"@id\":\"https:\\\/\\\/www.anovapeneira.gal\\\/index.php\\\/2023\\\/06\\\/22\\\/o-voto-que-vale-por-tres\\\/#article\",\"isPartOf\":{\"@id\":\"https:\\\/\\\/www.anovapeneira.gal\\\/index.php\\\/2023\\\/06\\\/22\\\/o-voto-que-vale-por-tres\\\/\"},\"author\":{\"name\":\"Artigos Opini\u00f3n\",\"@id\":\"https:\\\/\\\/www.anovapeneira.gal\\\/#\\\/schema\\\/person\\\/f18a4feb302e8f20bcef4490b5b60bb3\"},\"headline\":\"O voto que vale por tres\",\"datePublished\":\"2023-06-22T10:00:56+00:00\",\"mainEntityOfPage\":{\"@id\":\"https:\\\/\\\/www.anovapeneira.gal\\\/index.php\\\/2023\\\/06\\\/22\\\/o-voto-que-vale-por-tres\\\/\"},\"wordCount\":698,\"commentCount\":0,\"publisher\":{\"@id\":\"https:\\\/\\\/www.anovapeneira.gal\\\/#organization\"},\"image\":{\"@id\":\"https:\\\/\\\/www.anovapeneira.gal\\\/index.php\\\/2023\\\/06\\\/22\\\/o-voto-que-vale-por-tres\\\/#primaryimage\"},\"thumbnailUrl\":\"https:\\\/\\\/www.anovapeneira.gal\\\/wp-content\\\/uploads\\\/2023\\\/06\\\/Manuel_Sanchez.jpg\",\"articleSection\":[\"Artigos de opini\u00f3n\"],\"inLanguage\":\"gl-ES\",\"potentialAction\":[{\"@type\":\"CommentAction\",\"name\":\"Comment\",\"target\":[\"https:\\\/\\\/www.anovapeneira.gal\\\/index.php\\\/2023\\\/06\\\/22\\\/o-voto-que-vale-por-tres\\\/#respond\"]}]},{\"@type\":\"WebPage\",\"@id\":\"https:\\\/\\\/www.anovapeneira.gal\\\/index.php\\\/2023\\\/06\\\/22\\\/o-voto-que-vale-por-tres\\\/\",\"url\":\"https:\\\/\\\/www.anovapeneira.gal\\\/index.php\\\/2023\\\/06\\\/22\\\/o-voto-que-vale-por-tres\\\/\",\"name\":\"O voto que vale por tres -\",\"isPartOf\":{\"@id\":\"https:\\\/\\\/www.anovapeneira.gal\\\/#website\"},\"primaryImageOfPage\":{\"@id\":\"https:\\\/\\\/www.anovapeneira.gal\\\/index.php\\\/2023\\\/06\\\/22\\\/o-voto-que-vale-por-tres\\\/#primaryimage\"},\"image\":{\"@id\":\"https:\\\/\\\/www.anovapeneira.gal\\\/index.php\\\/2023\\\/06\\\/22\\\/o-voto-que-vale-por-tres\\\/#primaryimage\"},\"thumbnailUrl\":\"https:\\\/\\\/www.anovapeneira.gal\\\/wp-content\\\/uploads\\\/2023\\\/06\\\/Manuel_Sanchez.jpg\",\"datePublished\":\"2023-06-22T10:00:56+00:00\",\"description\":\"Levo d\u00edas a escoitar, en diferentes e sesudas tertulias de barra de bar, o mantra de que nas elecci\u00f3ns do 23 de xullo, se non queremos que goberne a dereita, hai que votar por Pedro S\u00e1nchez ou por Yolanda D\u00edaz, que calquera outra opci\u00f3n \u00e9 tirar co voto e facilitar a entrada de Feij\u00f3o no goberno co apoio de Vox\",\"breadcrumb\":{\"@id\":\"https:\\\/\\\/www.anovapeneira.gal\\\/index.php\\\/2023\\\/06\\\/22\\\/o-voto-que-vale-por-tres\\\/#breadcrumb\"},\"inLanguage\":\"gl-ES\",\"potentialAction\":[{\"@type\":\"ReadAction\",\"target\":[\"https:\\\/\\\/www.anovapeneira.gal\\\/index.php\\\/2023\\\/06\\\/22\\\/o-voto-que-vale-por-tres\\\/\"]}]},{\"@type\":\"ImageObject\",\"inLanguage\":\"gl-ES\",\"@id\":\"https:\\\/\\\/www.anovapeneira.gal\\\/index.php\\\/2023\\\/06\\\/22\\\/o-voto-que-vale-por-tres\\\/#primaryimage\",\"url\":\"https:\\\/\\\/www.anovapeneira.gal\\\/wp-content\\\/uploads\\\/2023\\\/06\\\/Manuel_Sanchez.jpg\",\"contentUrl\":\"https:\\\/\\\/www.anovapeneira.gal\\\/wp-content\\\/uploads\\\/2023\\\/06\\\/Manuel_Sanchez.jpg\",\"width\":720,\"height\":432,\"caption\":\"Manuel S\u00e1nchez D\u00edaz, BNG Porri\u00f1o\"},{\"@type\":\"BreadcrumbList\",\"@id\":\"https:\\\/\\\/www.anovapeneira.gal\\\/index.php\\\/2023\\\/06\\\/22\\\/o-voto-que-vale-por-tres\\\/#breadcrumb\",\"itemListElement\":[{\"@type\":\"ListItem\",\"position\":1,\"name\":\"Portada\",\"item\":\"https:\\\/\\\/www.anovapeneira.gal\\\/\"},{\"@type\":\"ListItem\",\"position\":2,\"name\":\"O voto que vale por tres\"}]},{\"@type\":\"WebSite\",\"@id\":\"https:\\\/\\\/www.anovapeneira.gal\\\/#website\",\"url\":\"https:\\\/\\\/www.anovapeneira.gal\\\/\",\"name\":\"\",\"description\":\"Xornal galego de informaci\u00f3n xeral Publicaci\u00f3n mensual de novas de Galicia e en especial dos Concellos da sur da provincia de Pontevedra.\",\"publisher\":{\"@id\":\"https:\\\/\\\/www.anovapeneira.gal\\\/#organization\"},\"potentialAction\":[{\"@type\":\"SearchAction\",\"target\":{\"@type\":\"EntryPoint\",\"urlTemplate\":\"https:\\\/\\\/www.anovapeneira.gal\\\/?s={search_term_string}\"},\"query-input\":{\"@type\":\"PropertyValueSpecification\",\"valueRequired\":true,\"valueName\":\"search_term_string\"}}],\"inLanguage\":\"gl-ES\"},{\"@type\":\"Organization\",\"@id\":\"https:\\\/\\\/www.anovapeneira.gal\\\/#organization\",\"name\":\"A Nova Peneira\",\"url\":\"https:\\\/\\\/www.anovapeneira.gal\\\/\",\"logo\":{\"@type\":\"ImageObject\",\"inLanguage\":\"gl-ES\",\"@id\":\"https:\\\/\\\/www.anovapeneira.gal\\\/#\\\/schema\\\/logo\\\/image\\\/\",\"url\":\"http:\\\/\\\/www.anovapeneira.gal\\\/wp-content\\\/uploads\\\/2019\\\/06\\\/logo_a_nova_peneira_portal_web.png\",\"contentUrl\":\"http:\\\/\\\/www.anovapeneira.gal\\\/wp-content\\\/uploads\\\/2019\\\/06\\\/logo_a_nova_peneira_portal_web.png\",\"width\":300,\"height\":100,\"caption\":\"A Nova Peneira\"},\"image\":{\"@id\":\"https:\\\/\\\/www.anovapeneira.gal\\\/#\\\/schema\\\/logo\\\/image\\\/\"},\"sameAs\":[\"https:\\\/\\\/www.facebook.com\\\/anovapeneira\",\"https:\\\/\\\/x.com\\\/APeneira\"]},{\"@type\":\"Person\",\"@id\":\"https:\\\/\\\/www.anovapeneira.gal\\\/#\\\/schema\\\/person\\\/f18a4feb302e8f20bcef4490b5b60bb3\",\"name\":\"Artigos Opini\u00f3n\",\"image\":{\"@type\":\"ImageObject\",\"inLanguage\":\"gl-ES\",\"@id\":\"https:\\\/\\\/secure.gravatar.com\\\/avatar\\\/072844300f4881150aee2da4278f7a65d16eefdf8262eb67085f1e702de2b959?s=96&d=mm&r=g\",\"url\":\"https:\\\/\\\/secure.gravatar.com\\\/avatar\\\/072844300f4881150aee2da4278f7a65d16eefdf8262eb67085f1e702de2b959?s=96&d=mm&r=g\",\"contentUrl\":\"https:\\\/\\\/secure.gravatar.com\\\/avatar\\\/072844300f4881150aee2da4278f7a65d16eefdf8262eb67085f1e702de2b959?s=96&d=mm&r=g\",\"caption\":\"Artigos Opini\u00f3n\"},\"sameAs\":[\"http:\\\/\\\/anovapeneira.gal\"],\"url\":\"https:\\\/\\\/www.anovapeneira.gal\\\/index.php\\\/author\\\/artigosopinion\\\/\"}]}<\/script>\n<!-- \/ Yoast SEO plugin. -->","yoast_head_json":{"title":"O voto que vale por tres -","description":"Levo d\u00edas a escoitar, en diferentes e sesudas tertulias de barra de bar, o mantra de que nas elecci\u00f3ns do 23 de xullo, se non queremos que goberne a dereita, hai que votar por Pedro S\u00e1nchez ou por Yolanda D\u00edaz, que calquera outra opci\u00f3n \u00e9 tirar co voto e facilitar a entrada de Feij\u00f3o no goberno co apoio de Vox","robots":{"index":"index","follow":"follow","max-snippet":"max-snippet:-1","max-image-preview":"max-image-preview:large","max-video-preview":"max-video-preview:-1"},"canonical":"https:\/\/www.anovapeneira.gal\/index.php\/2023\/06\/22\/o-voto-que-vale-por-tres\/","og_locale":"gl_ES","og_type":"article","og_title":"O voto que vale por tres -","og_description":"Levo d\u00edas a escoitar, en diferentes e sesudas tertulias de barra de bar, o mantra de que nas elecci\u00f3ns do 23 de xullo, se non queremos que goberne a dereita, hai que votar por Pedro S\u00e1nchez ou por Yolanda D\u00edaz, que calquera outra opci\u00f3n \u00e9 tirar co voto e facilitar a entrada de Feij\u00f3o no goberno co apoio de Vox","og_url":"https:\/\/www.anovapeneira.gal\/index.php\/2023\/06\/22\/o-voto-que-vale-por-tres\/","article_publisher":"https:\/\/www.facebook.com\/anovapeneira","article_published_time":"2023-06-22T10:00:56+00:00","og_image":[{"width":720,"height":432,"url":"https:\/\/www.anovapeneira.gal\/wp-content\/uploads\/2023\/06\/Manuel_Sanchez.jpg","type":"image\/jpeg"}],"author":"Artigos Opini\u00f3n","twitter_card":"summary_large_image","twitter_creator":"@APeneira","twitter_site":"@APeneira","twitter_misc":{"Escrito por":"Artigos Opini\u00f3n","Tempo de lectura":"4 minutos"},"schema":{"@context":"https:\/\/schema.org","@graph":[{"@type":"Article","@id":"https:\/\/www.anovapeneira.gal\/index.php\/2023\/06\/22\/o-voto-que-vale-por-tres\/#article","isPartOf":{"@id":"https:\/\/www.anovapeneira.gal\/index.php\/2023\/06\/22\/o-voto-que-vale-por-tres\/"},"author":{"name":"Artigos Opini\u00f3n","@id":"https:\/\/www.anovapeneira.gal\/#\/schema\/person\/f18a4feb302e8f20bcef4490b5b60bb3"},"headline":"O voto que vale por tres","datePublished":"2023-06-22T10:00:56+00:00","mainEntityOfPage":{"@id":"https:\/\/www.anovapeneira.gal\/index.php\/2023\/06\/22\/o-voto-que-vale-por-tres\/"},"wordCount":698,"commentCount":0,"publisher":{"@id":"https:\/\/www.anovapeneira.gal\/#organization"},"image":{"@id":"https:\/\/www.anovapeneira.gal\/index.php\/2023\/06\/22\/o-voto-que-vale-por-tres\/#primaryimage"},"thumbnailUrl":"https:\/\/www.anovapeneira.gal\/wp-content\/uploads\/2023\/06\/Manuel_Sanchez.jpg","articleSection":["Artigos de opini\u00f3n"],"inLanguage":"gl-ES","potentialAction":[{"@type":"CommentAction","name":"Comment","target":["https:\/\/www.anovapeneira.gal\/index.php\/2023\/06\/22\/o-voto-que-vale-por-tres\/#respond"]}]},{"@type":"WebPage","@id":"https:\/\/www.anovapeneira.gal\/index.php\/2023\/06\/22\/o-voto-que-vale-por-tres\/","url":"https:\/\/www.anovapeneira.gal\/index.php\/2023\/06\/22\/o-voto-que-vale-por-tres\/","name":"O voto que vale por tres -","isPartOf":{"@id":"https:\/\/www.anovapeneira.gal\/#website"},"primaryImageOfPage":{"@id":"https:\/\/www.anovapeneira.gal\/index.php\/2023\/06\/22\/o-voto-que-vale-por-tres\/#primaryimage"},"image":{"@id":"https:\/\/www.anovapeneira.gal\/index.php\/2023\/06\/22\/o-voto-que-vale-por-tres\/#primaryimage"},"thumbnailUrl":"https:\/\/www.anovapeneira.gal\/wp-content\/uploads\/2023\/06\/Manuel_Sanchez.jpg","datePublished":"2023-06-22T10:00:56+00:00","description":"Levo d\u00edas a escoitar, en diferentes e sesudas tertulias de barra de bar, o mantra de que nas elecci\u00f3ns do 23 de xullo, se non queremos que goberne a dereita, hai que votar por Pedro S\u00e1nchez ou por Yolanda D\u00edaz, que calquera outra opci\u00f3n \u00e9 tirar co voto e facilitar a entrada de Feij\u00f3o no goberno co apoio de Vox","breadcrumb":{"@id":"https:\/\/www.anovapeneira.gal\/index.php\/2023\/06\/22\/o-voto-que-vale-por-tres\/#breadcrumb"},"inLanguage":"gl-ES","potentialAction":[{"@type":"ReadAction","target":["https:\/\/www.anovapeneira.gal\/index.php\/2023\/06\/22\/o-voto-que-vale-por-tres\/"]}]},{"@type":"ImageObject","inLanguage":"gl-ES","@id":"https:\/\/www.anovapeneira.gal\/index.php\/2023\/06\/22\/o-voto-que-vale-por-tres\/#primaryimage","url":"https:\/\/www.anovapeneira.gal\/wp-content\/uploads\/2023\/06\/Manuel_Sanchez.jpg","contentUrl":"https:\/\/www.anovapeneira.gal\/wp-content\/uploads\/2023\/06\/Manuel_Sanchez.jpg","width":720,"height":432,"caption":"Manuel S\u00e1nchez D\u00edaz, BNG Porri\u00f1o"},{"@type":"BreadcrumbList","@id":"https:\/\/www.anovapeneira.gal\/index.php\/2023\/06\/22\/o-voto-que-vale-por-tres\/#breadcrumb","itemListElement":[{"@type":"ListItem","position":1,"name":"Portada","item":"https:\/\/www.anovapeneira.gal\/"},{"@type":"ListItem","position":2,"name":"O voto que vale por tres"}]},{"@type":"WebSite","@id":"https:\/\/www.anovapeneira.gal\/#website","url":"https:\/\/www.anovapeneira.gal\/","name":"","description":"Xornal galego de informaci\u00f3n xeral Publicaci\u00f3n mensual de novas de Galicia e en especial dos Concellos da sur da provincia de Pontevedra.","publisher":{"@id":"https:\/\/www.anovapeneira.gal\/#organization"},"potentialAction":[{"@type":"SearchAction","target":{"@type":"EntryPoint","urlTemplate":"https:\/\/www.anovapeneira.gal\/?s={search_term_string}"},"query-input":{"@type":"PropertyValueSpecification","valueRequired":true,"valueName":"search_term_string"}}],"inLanguage":"gl-ES"},{"@type":"Organization","@id":"https:\/\/www.anovapeneira.gal\/#organization","name":"A Nova Peneira","url":"https:\/\/www.anovapeneira.gal\/","logo":{"@type":"ImageObject","inLanguage":"gl-ES","@id":"https:\/\/www.anovapeneira.gal\/#\/schema\/logo\/image\/","url":"http:\/\/www.anovapeneira.gal\/wp-content\/uploads\/2019\/06\/logo_a_nova_peneira_portal_web.png","contentUrl":"http:\/\/www.anovapeneira.gal\/wp-content\/uploads\/2019\/06\/logo_a_nova_peneira_portal_web.png","width":300,"height":100,"caption":"A Nova Peneira"},"image":{"@id":"https:\/\/www.anovapeneira.gal\/#\/schema\/logo\/image\/"},"sameAs":["https:\/\/www.facebook.com\/anovapeneira","https:\/\/x.com\/APeneira"]},{"@type":"Person","@id":"https:\/\/www.anovapeneira.gal\/#\/schema\/person\/f18a4feb302e8f20bcef4490b5b60bb3","name":"Artigos Opini\u00f3n","image":{"@type":"ImageObject","inLanguage":"gl-ES","@id":"https:\/\/secure.gravatar.com\/avatar\/072844300f4881150aee2da4278f7a65d16eefdf8262eb67085f1e702de2b959?s=96&d=mm&r=g","url":"https:\/\/secure.gravatar.com\/avatar\/072844300f4881150aee2da4278f7a65d16eefdf8262eb67085f1e702de2b959?s=96&d=mm&r=g","contentUrl":"https:\/\/secure.gravatar.com\/avatar\/072844300f4881150aee2da4278f7a65d16eefdf8262eb67085f1e702de2b959?s=96&d=mm&r=g","caption":"Artigos Opini\u00f3n"},"sameAs":["http:\/\/anovapeneira.gal"],"url":"https:\/\/www.anovapeneira.gal\/index.php\/author\/artigosopinion\/"}]}},"jetpack_featured_media_url":"https:\/\/www.anovapeneira.gal\/wp-content\/uploads\/2023\/06\/Manuel_Sanchez.jpg","_links":{"self":[{"href":"https:\/\/www.anovapeneira.gal\/index.php\/wp-json\/wp\/v2\/posts\/9977","targetHints":{"allow":["GET"]}}],"collection":[{"href":"https:\/\/www.anovapeneira.gal\/index.php\/wp-json\/wp\/v2\/posts"}],"about":[{"href":"https:\/\/www.anovapeneira.gal\/index.php\/wp-json\/wp\/v2\/types\/post"}],"author":[{"embeddable":true,"href":"https:\/\/www.anovapeneira.gal\/index.php\/wp-json\/wp\/v2\/users\/12"}],"replies":[{"embeddable":true,"href":"https:\/\/www.anovapeneira.gal\/index.php\/wp-json\/wp\/v2\/comments?post=9977"}],"version-history":[{"count":1,"href":"https:\/\/www.anovapeneira.gal\/index.php\/wp-json\/wp\/v2\/posts\/9977\/revisions"}],"predecessor-version":[{"id":9979,"href":"https:\/\/www.anovapeneira.gal\/index.php\/wp-json\/wp\/v2\/posts\/9977\/revisions\/9979"}],"wp:featuredmedia":[{"embeddable":true,"href":"https:\/\/www.anovapeneira.gal\/index.php\/wp-json\/wp\/v2\/media\/9978"}],"wp:attachment":[{"href":"https:\/\/www.anovapeneira.gal\/index.php\/wp-json\/wp\/v2\/media?parent=9977"}],"wp:term":[{"taxonomy":"category","embeddable":true,"href":"https:\/\/www.anovapeneira.gal\/index.php\/wp-json\/wp\/v2\/categories?post=9977"},{"taxonomy":"post_tag","embeddable":true,"href":"https:\/\/www.anovapeneira.gal\/index.php\/wp-json\/wp\/v2\/tags?post=9977"}],"curies":[{"name":"wp","href":"https:\/\/api.w.org\/{rel}","templated":true}]}}