{"id":9980,"date":"2023-06-23T10:00:50","date_gmt":"2023-06-23T08:00:50","guid":{"rendered":"https:\/\/www.anovapeneira.gal\/?p=9980"},"modified":"2023-06-20T13:26:06","modified_gmt":"2023-06-20T11:26:06","slug":"xxxi-feira-do-vino-do-rosal-2023","status":"publish","type":"post","link":"https:\/\/www.anovapeneira.gal\/index.php\/2023\/06\/23\/xxxi-feira-do-vino-do-rosal-2023\/","title":{"rendered":"XXXI Feira do Vi\u00f1o Do Rosal 2023"},"content":{"rendered":"\n<h2 class=\"wp-block-heading\">Os vindeiros venres 14, s\u00e1bado 15 e domingo 16 de xullo celebrarase no concello de O Rosal, na zona de O Calvario, a 31 edici\u00f3n da Festa do Vi\u00f1o.<\/h2>\n\n\n\n<p>Esta Feira do vi\u00f1o ten como obxectivo primordial promocionar os sectores vin\u00edcolas, conserveiros e de produtos t\u00edpicos de horta e flor que se producen no Val do Rosal. Este goza dun microclima especial que lle d\u00e1 aos seus produtos agr\u00edcolas a calidade indiscutible que fai que sexan premiados non s\u00f3 no noso pa\u00eds, sen\u00f3n tam\u00e9n en certames internacionais como o demostran os numerosos premios.<\/p>\n\n\n\n<p>A afluencia \u00e1 Feira do Vi\u00f1o do Rosal ad\u00f3itase calcular en varios miles de persoas. A festa conv\u00e9rtese en todo un tributo aos caldos na que numerosas adegas achegan os seus vi\u00f1os aos visitantes.<\/p>\n\n\n\n<p>Durante tres xornadas, ademais de saborear as distintas variedades de vi\u00f1o, O Rosal prop\u00f3n unha festa na que, como en toda a provincia de Pontevedra, a gastronom\u00eda goza tam\u00e9n dun papel destacado. As\u00ed, non faltan as tapas variadas, os mariscos das costas galegas ou a tortilla . Os visitantes chegan ao Rosal atra\u00eddos pola calidade dos seus vi\u00f1os, e non s\u00f3 desde o resto da provincia, sen\u00f3n tam\u00e9n desde distintos puntos de Espa\u00f1a e do pa\u00eds veci\u00f1o, Portugal.<\/p>\n\n\n\n<p>Respecto \u00e1 orixe da tradici\u00f3n vitivin\u00edcola na zona, crese que os vi\u00f1edos do Rosal proceden da \u00e9poca romana. Ser\u00edan despois os monxes do Monasterio os que coidasen unhas plantaci\u00f3ns das que hoxe nacen uns vi\u00f1os novos e de sabor afroitado.<\/p>\n\n\n\n<p>Os vi\u00f1os do Rosal pertencen a unha das cinco subzonas da D. O. R\u00edas Baixas, cuxos caldos brancos, especialmente o albari\u00f1o, son apreciados en todo o mundo. As caracter\u00edsticas clim\u00e1ticas da provincia de Pontevedra, coa s\u00faa proximidade ao mar e con tramos baixos de leitos fluviais, temperaturas agradables e choivas ben distribu\u00eddas, propician estes vi\u00f1os elegantes e frescos que reciben prestixiosas distinci\u00f3ns cada ano. Do que non cabe d\u00fabida \u00e9 que no Rosal atoparemos un das paisaxes vit\u00edcolas m\u00e1is fermosos de Galicia nunha contorna moi especial, un lugar incomparable para celebrar esta Feira que, ademais, foi declarada de Interese Tur\u00edstico de Galicia.<\/p>\n\n\n\n<p>Tam\u00e9n, algunhas das adegas ofrecen a posibilidade de co\u00f1ecer o proceso de cultivo, colleita e produci\u00f3n. Adegas Val Mi\u00f1or , Terras Gauda, Adegas Nov\u00e1s, Santiago Ru\u00edz, Quinta Couselo, Lagar Pedr\u00e9gales, Lagar de Cerveira, Altos de Torro\u00f1a, Bodegas Aforado, Lagar de Cerveira, Altos de Torro\u00f1a e Adega Aforado destacaron na pasada edici\u00f3n do 2022 e a espera de co\u00f1ecer se este ano vai a haber alg\u00fan cambio de adegas asistentes.<\/p>\n\n\n\n<p>Nesta Feira do Vi\u00f1o do Rosal as adegas e os vi\u00f1edos constit\u00faen, polo tanto, un aut\u00e9ntico referente do sector enotur\u00edstico da provincia. Ademais, edici\u00f3n tras edici\u00f3n, o evento ofrece propostas para toda a familia, como actividades infant\u00eds, deportivas ou musicais. As\u00ed, coa lectura do preg\u00f3n o venres pola tarde, a presentaci\u00f3n da Confrar\u00eda de Cabaqueiros de Vi\u00f1o do Rosal e a apertura da feira na praza do Calvario, in\u00edcianse tres xornadas nas que grupos de m\u00fasica tradicional e de animaci\u00f3n nas r\u00faas danse cita na vila. Pero ademais, a programaci\u00f3n da Feira do Vi\u00f1o do Rosal incl\u00fae actividades populares moi especiais, como unha cami\u00f1ada e unha carreira de 10 quil\u00f3metros entre vi\u00f1edos dunha ou de d\u00faas das adegas participantes na Feira, un show cooking no centro do pobo, talleres de coci\u00f1a para os m\u00e1is pequenos ou exposici\u00f3ns de pintura e escultura, entre outras.<\/p>\n\n\n\n<p>Tanto Concello como as adegas cami\u00f1an da man para preparar esta nova edici\u00f3n da Feira do Vi\u00f1o do Rosal, que este ano recupera as s\u00faas datas habituais. O vindeiro mes de xullo a Praza do Calvario converterase un ano m\u00e1is no escenario central de tres d\u00edas nos que se programar\u00e1n multitude de actividades culturais, gastron\u00f3micas e de lecer abertas a toda a veci\u00f1anza e visitantes. A\u00ednda non podemos mostrar a programaci\u00f3n completa pero recomendamos as persoas interesadas estar pendentes da web do Concello ou do punto de informaci\u00f3n tur\u00edstica nos vindeiros d\u00edas.<\/p>\n\n\n\n<p>\u00c1nxela Fern\u00e1ndez Call\u00eds: <em>\u201cRecuperamos a esencia e as datas desta festa de interese tur\u00edstico coa que cada ano promovemos o noso patrimonio enol\u00f3xico e amosamos \u00e1s persoas que nos visitan todo o que O Rosal pode ofrecer\u201d.<\/em> A rexedora anima a toda a veci\u00f1anza e visitantes a participar na que ser\u00e1 a XXXI edici\u00f3n da Feira do Vi\u00f1o do Rosal e desfrutar dunha experiencia inesquecible.<\/p>\n\n\n\n<p>N\u00f3s animamos tam\u00e9n a lectores e lectoras do noso medio que se animen a visitar O Rosal, non s\u00f3 polos seus vi\u00f1os e todas estas actividades, sen\u00f3n que esta vila tam\u00e9n ofrece m\u00faltiples raz\u00f3ns para achegarse a co\u00f1ecela. A ruta mu\u00ed\u00f1os do Fol\u00f3n e do pic\u00f3n declarados Ben de Interese Cultural, ou o sendeiro de pescadores do R\u00edo Mi\u00f1o-Tamuxe, entre outros moitos recursos que nos ofrece a natureza nesta vila fan que pague a pena a visita.<\/p>\n","protected":false},"excerpt":{"rendered":"<div class=\"mh-excerpt\"><p>Os vindeiros venres 14, s\u00e1bado 15 e domingo 16 de xullo celebrarase no concello de O Rosal, na zona de O Calvario, a 31 edici\u00f3n da Festa do Vi\u00f1o <a class=\"mh-excerpt-more\" href=\"https:\/\/www.anovapeneira.gal\/index.php\/2023\/06\/23\/xxxi-feira-do-vino-do-rosal-2023\/\" title=\"XXXI Feira do Vi\u00f1o Do Rosal 2023\">[&#8230;]<\/a><\/p>\n<\/div>","protected":false},"author":3,"featured_media":9981,"comment_status":"open","ping_status":"open","sticky":false,"template":"","format":"standard","meta":{"_exactmetrics_skip_tracking":false,"_exactmetrics_sitenote_active":false,"_exactmetrics_sitenote_note":"","_exactmetrics_sitenote_category":0,"footnotes":""},"categories":[1],"tags":[],"class_list":{"0":"post-9980","1":"post","2":"type-post","3":"status-publish","4":"format-standard","5":"has-post-thumbnail","7":"category-sin-categoria"},"yoast_head":"<!-- This site is optimized with the Yoast SEO plugin v27.5 - https:\/\/yoast.com\/product\/yoast-seo-wordpress\/ -->\n<title>XXXI Feira do Vi\u00f1o Do Rosal 2023 -<\/title>\n<meta name=\"description\" content=\"Os vindeiros venres 14, s\u00e1bado 15 e domingo 16 de xullo celebrarase no concello de O Rosal, na zona de O Calvario, a 31 edici\u00f3n da Festa do Vi\u00f1o\" \/>\n<meta name=\"robots\" content=\"index, follow, max-snippet:-1, max-image-preview:large, max-video-preview:-1\" \/>\n<link rel=\"canonical\" href=\"https:\/\/www.anovapeneira.gal\/index.php\/2023\/06\/23\/xxxi-feira-do-vino-do-rosal-2023\/\" \/>\n<meta property=\"og:locale\" content=\"gl_ES\" \/>\n<meta property=\"og:type\" content=\"article\" \/>\n<meta property=\"og:title\" content=\"XXXI Feira do Vi\u00f1o Do Rosal 2023 -\" \/>\n<meta property=\"og:description\" content=\"Os vindeiros venres 14, s\u00e1bado 15 e domingo 16 de xullo celebrarase no concello de O Rosal, na zona de O Calvario, a 31 edici\u00f3n da Festa do Vi\u00f1o\" \/>\n<meta property=\"og:url\" content=\"https:\/\/www.anovapeneira.gal\/index.php\/2023\/06\/23\/xxxi-feira-do-vino-do-rosal-2023\/\" \/>\n<meta property=\"article:publisher\" content=\"https:\/\/www.facebook.com\/anovapeneira\" \/>\n<meta property=\"article:published_time\" content=\"2023-06-23T08:00:50+00:00\" \/>\n<meta property=\"og:image\" content=\"https:\/\/www.anovapeneira.gal\/wp-content\/uploads\/2023\/06\/feira-do-vino-rosal.jpg\" \/>\n\t<meta property=\"og:image:width\" content=\"720\" \/>\n\t<meta property=\"og:image:height\" content=\"432\" \/>\n\t<meta property=\"og:image:type\" content=\"image\/jpeg\" \/>\n<meta name=\"author\" content=\"Redacci\u00f3n A Nova Peneira\" \/>\n<meta name=\"twitter:card\" content=\"summary_large_image\" \/>\n<meta name=\"twitter:creator\" content=\"@APeneira\" \/>\n<meta name=\"twitter:site\" content=\"@APeneira\" \/>\n<meta name=\"twitter:label1\" content=\"Escrito por\" \/>\n\t<meta name=\"twitter:data1\" content=\"Redacci\u00f3n A Nova Peneira\" \/>\n\t<meta name=\"twitter:label2\" content=\"Tempo de lectura\" \/>\n\t<meta name=\"twitter:data2\" content=\"5 minutos\" \/>\n<script type=\"application\/ld+json\" class=\"yoast-schema-graph\">{\"@context\":\"https:\\\/\\\/schema.org\",\"@graph\":[{\"@type\":\"Article\",\"@id\":\"https:\\\/\\\/www.anovapeneira.gal\\\/index.php\\\/2023\\\/06\\\/23\\\/xxxi-feira-do-vino-do-rosal-2023\\\/#article\",\"isPartOf\":{\"@id\":\"https:\\\/\\\/www.anovapeneira.gal\\\/index.php\\\/2023\\\/06\\\/23\\\/xxxi-feira-do-vino-do-rosal-2023\\\/\"},\"author\":{\"name\":\"Redacci\u00f3n A Nova Peneira\",\"@id\":\"https:\\\/\\\/www.anovapeneira.gal\\\/#\\\/schema\\\/person\\\/b93e3f8932e3f8da96334607eb6ac6aa\"},\"headline\":\"XXXI Feira do Vi\u00f1o Do Rosal 2023\",\"datePublished\":\"2023-06-23T08:00:50+00:00\",\"mainEntityOfPage\":{\"@id\":\"https:\\\/\\\/www.anovapeneira.gal\\\/index.php\\\/2023\\\/06\\\/23\\\/xxxi-feira-do-vino-do-rosal-2023\\\/\"},\"wordCount\":905,\"commentCount\":0,\"publisher\":{\"@id\":\"https:\\\/\\\/www.anovapeneira.gal\\\/#organization\"},\"image\":{\"@id\":\"https:\\\/\\\/www.anovapeneira.gal\\\/index.php\\\/2023\\\/06\\\/23\\\/xxxi-feira-do-vino-do-rosal-2023\\\/#primaryimage\"},\"thumbnailUrl\":\"https:\\\/\\\/www.anovapeneira.gal\\\/wp-content\\\/uploads\\\/2023\\\/06\\\/feira-do-vino-rosal.jpg\",\"articleSection\":[\"Sin categor\u00eda\"],\"inLanguage\":\"gl-ES\",\"potentialAction\":[{\"@type\":\"CommentAction\",\"name\":\"Comment\",\"target\":[\"https:\\\/\\\/www.anovapeneira.gal\\\/index.php\\\/2023\\\/06\\\/23\\\/xxxi-feira-do-vino-do-rosal-2023\\\/#respond\"]}]},{\"@type\":\"WebPage\",\"@id\":\"https:\\\/\\\/www.anovapeneira.gal\\\/index.php\\\/2023\\\/06\\\/23\\\/xxxi-feira-do-vino-do-rosal-2023\\\/\",\"url\":\"https:\\\/\\\/www.anovapeneira.gal\\\/index.php\\\/2023\\\/06\\\/23\\\/xxxi-feira-do-vino-do-rosal-2023\\\/\",\"name\":\"XXXI Feira do Vi\u00f1o Do Rosal 2023 -\",\"isPartOf\":{\"@id\":\"https:\\\/\\\/www.anovapeneira.gal\\\/#website\"},\"primaryImageOfPage\":{\"@id\":\"https:\\\/\\\/www.anovapeneira.gal\\\/index.php\\\/2023\\\/06\\\/23\\\/xxxi-feira-do-vino-do-rosal-2023\\\/#primaryimage\"},\"image\":{\"@id\":\"https:\\\/\\\/www.anovapeneira.gal\\\/index.php\\\/2023\\\/06\\\/23\\\/xxxi-feira-do-vino-do-rosal-2023\\\/#primaryimage\"},\"thumbnailUrl\":\"https:\\\/\\\/www.anovapeneira.gal\\\/wp-content\\\/uploads\\\/2023\\\/06\\\/feira-do-vino-rosal.jpg\",\"datePublished\":\"2023-06-23T08:00:50+00:00\",\"description\":\"Os vindeiros venres 14, s\u00e1bado 15 e domingo 16 de xullo celebrarase no concello de O Rosal, na zona de O Calvario, a 31 edici\u00f3n da Festa do Vi\u00f1o\",\"breadcrumb\":{\"@id\":\"https:\\\/\\\/www.anovapeneira.gal\\\/index.php\\\/2023\\\/06\\\/23\\\/xxxi-feira-do-vino-do-rosal-2023\\\/#breadcrumb\"},\"inLanguage\":\"gl-ES\",\"potentialAction\":[{\"@type\":\"ReadAction\",\"target\":[\"https:\\\/\\\/www.anovapeneira.gal\\\/index.php\\\/2023\\\/06\\\/23\\\/xxxi-feira-do-vino-do-rosal-2023\\\/\"]}]},{\"@type\":\"ImageObject\",\"inLanguage\":\"gl-ES\",\"@id\":\"https:\\\/\\\/www.anovapeneira.gal\\\/index.php\\\/2023\\\/06\\\/23\\\/xxxi-feira-do-vino-do-rosal-2023\\\/#primaryimage\",\"url\":\"https:\\\/\\\/www.anovapeneira.gal\\\/wp-content\\\/uploads\\\/2023\\\/06\\\/feira-do-vino-rosal.jpg\",\"contentUrl\":\"https:\\\/\\\/www.anovapeneira.gal\\\/wp-content\\\/uploads\\\/2023\\\/06\\\/feira-do-vino-rosal.jpg\",\"width\":720,\"height\":432,\"caption\":\"XXXI Feira do Vi\u00f1o Do Rosal 2023.\"},{\"@type\":\"BreadcrumbList\",\"@id\":\"https:\\\/\\\/www.anovapeneira.gal\\\/index.php\\\/2023\\\/06\\\/23\\\/xxxi-feira-do-vino-do-rosal-2023\\\/#breadcrumb\",\"itemListElement\":[{\"@type\":\"ListItem\",\"position\":1,\"name\":\"Portada\",\"item\":\"https:\\\/\\\/www.anovapeneira.gal\\\/\"},{\"@type\":\"ListItem\",\"position\":2,\"name\":\"XXXI Feira do Vi\u00f1o Do Rosal 2023\"}]},{\"@type\":\"WebSite\",\"@id\":\"https:\\\/\\\/www.anovapeneira.gal\\\/#website\",\"url\":\"https:\\\/\\\/www.anovapeneira.gal\\\/\",\"name\":\"\",\"description\":\"Xornal galego de informaci\u00f3n xeral Publicaci\u00f3n mensual de novas de Galicia e en especial dos Concellos da sur da provincia de Pontevedra.\",\"publisher\":{\"@id\":\"https:\\\/\\\/www.anovapeneira.gal\\\/#organization\"},\"potentialAction\":[{\"@type\":\"SearchAction\",\"target\":{\"@type\":\"EntryPoint\",\"urlTemplate\":\"https:\\\/\\\/www.anovapeneira.gal\\\/?s={search_term_string}\"},\"query-input\":{\"@type\":\"PropertyValueSpecification\",\"valueRequired\":true,\"valueName\":\"search_term_string\"}}],\"inLanguage\":\"gl-ES\"},{\"@type\":\"Organization\",\"@id\":\"https:\\\/\\\/www.anovapeneira.gal\\\/#organization\",\"name\":\"A Nova Peneira\",\"url\":\"https:\\\/\\\/www.anovapeneira.gal\\\/\",\"logo\":{\"@type\":\"ImageObject\",\"inLanguage\":\"gl-ES\",\"@id\":\"https:\\\/\\\/www.anovapeneira.gal\\\/#\\\/schema\\\/logo\\\/image\\\/\",\"url\":\"http:\\\/\\\/www.anovapeneira.gal\\\/wp-content\\\/uploads\\\/2019\\\/06\\\/logo_a_nova_peneira_portal_web.png\",\"contentUrl\":\"http:\\\/\\\/www.anovapeneira.gal\\\/wp-content\\\/uploads\\\/2019\\\/06\\\/logo_a_nova_peneira_portal_web.png\",\"width\":300,\"height\":100,\"caption\":\"A Nova Peneira\"},\"image\":{\"@id\":\"https:\\\/\\\/www.anovapeneira.gal\\\/#\\\/schema\\\/logo\\\/image\\\/\"},\"sameAs\":[\"https:\\\/\\\/www.facebook.com\\\/anovapeneira\",\"https:\\\/\\\/x.com\\\/APeneira\"]},{\"@type\":\"Person\",\"@id\":\"https:\\\/\\\/www.anovapeneira.gal\\\/#\\\/schema\\\/person\\\/b93e3f8932e3f8da96334607eb6ac6aa\",\"name\":\"Redacci\u00f3n A Nova Peneira\",\"image\":{\"@type\":\"ImageObject\",\"inLanguage\":\"gl-ES\",\"@id\":\"https:\\\/\\\/secure.gravatar.com\\\/avatar\\\/c052a2551a06e23fac63626232eaa90abd78dbcf1700fc46a2b2c89fd27b735f?s=96&d=mm&r=g\",\"url\":\"https:\\\/\\\/secure.gravatar.com\\\/avatar\\\/c052a2551a06e23fac63626232eaa90abd78dbcf1700fc46a2b2c89fd27b735f?s=96&d=mm&r=g\",\"contentUrl\":\"https:\\\/\\\/secure.gravatar.com\\\/avatar\\\/c052a2551a06e23fac63626232eaa90abd78dbcf1700fc46a2b2c89fd27b735f?s=96&d=mm&r=g\",\"caption\":\"Redacci\u00f3n A Nova Peneira\"},\"sameAs\":[\"http:\\\/\\\/www.anovapeneira.gal\\\/\"],\"url\":\"https:\\\/\\\/www.anovapeneira.gal\\\/index.php\\\/author\\\/redactor\\\/\"}]}<\/script>\n<!-- \/ Yoast SEO plugin. -->","yoast_head_json":{"title":"XXXI Feira do Vi\u00f1o Do Rosal 2023 -","description":"Os vindeiros venres 14, s\u00e1bado 15 e domingo 16 de xullo celebrarase no concello de O Rosal, na zona de O Calvario, a 31 edici\u00f3n da Festa do Vi\u00f1o","robots":{"index":"index","follow":"follow","max-snippet":"max-snippet:-1","max-image-preview":"max-image-preview:large","max-video-preview":"max-video-preview:-1"},"canonical":"https:\/\/www.anovapeneira.gal\/index.php\/2023\/06\/23\/xxxi-feira-do-vino-do-rosal-2023\/","og_locale":"gl_ES","og_type":"article","og_title":"XXXI Feira do Vi\u00f1o Do Rosal 2023 -","og_description":"Os vindeiros venres 14, s\u00e1bado 15 e domingo 16 de xullo celebrarase no concello de O Rosal, na zona de O Calvario, a 31 edici\u00f3n da Festa do Vi\u00f1o","og_url":"https:\/\/www.anovapeneira.gal\/index.php\/2023\/06\/23\/xxxi-feira-do-vino-do-rosal-2023\/","article_publisher":"https:\/\/www.facebook.com\/anovapeneira","article_published_time":"2023-06-23T08:00:50+00:00","og_image":[{"width":720,"height":432,"url":"https:\/\/www.anovapeneira.gal\/wp-content\/uploads\/2023\/06\/feira-do-vino-rosal.jpg","type":"image\/jpeg"}],"author":"Redacci\u00f3n A Nova Peneira","twitter_card":"summary_large_image","twitter_creator":"@APeneira","twitter_site":"@APeneira","twitter_misc":{"Escrito por":"Redacci\u00f3n A Nova Peneira","Tempo de lectura":"5 minutos"},"schema":{"@context":"https:\/\/schema.org","@graph":[{"@type":"Article","@id":"https:\/\/www.anovapeneira.gal\/index.php\/2023\/06\/23\/xxxi-feira-do-vino-do-rosal-2023\/#article","isPartOf":{"@id":"https:\/\/www.anovapeneira.gal\/index.php\/2023\/06\/23\/xxxi-feira-do-vino-do-rosal-2023\/"},"author":{"name":"Redacci\u00f3n A Nova Peneira","@id":"https:\/\/www.anovapeneira.gal\/#\/schema\/person\/b93e3f8932e3f8da96334607eb6ac6aa"},"headline":"XXXI Feira do Vi\u00f1o Do Rosal 2023","datePublished":"2023-06-23T08:00:50+00:00","mainEntityOfPage":{"@id":"https:\/\/www.anovapeneira.gal\/index.php\/2023\/06\/23\/xxxi-feira-do-vino-do-rosal-2023\/"},"wordCount":905,"commentCount":0,"publisher":{"@id":"https:\/\/www.anovapeneira.gal\/#organization"},"image":{"@id":"https:\/\/www.anovapeneira.gal\/index.php\/2023\/06\/23\/xxxi-feira-do-vino-do-rosal-2023\/#primaryimage"},"thumbnailUrl":"https:\/\/www.anovapeneira.gal\/wp-content\/uploads\/2023\/06\/feira-do-vino-rosal.jpg","articleSection":["Sin categor\u00eda"],"inLanguage":"gl-ES","potentialAction":[{"@type":"CommentAction","name":"Comment","target":["https:\/\/www.anovapeneira.gal\/index.php\/2023\/06\/23\/xxxi-feira-do-vino-do-rosal-2023\/#respond"]}]},{"@type":"WebPage","@id":"https:\/\/www.anovapeneira.gal\/index.php\/2023\/06\/23\/xxxi-feira-do-vino-do-rosal-2023\/","url":"https:\/\/www.anovapeneira.gal\/index.php\/2023\/06\/23\/xxxi-feira-do-vino-do-rosal-2023\/","name":"XXXI Feira do Vi\u00f1o Do Rosal 2023 -","isPartOf":{"@id":"https:\/\/www.anovapeneira.gal\/#website"},"primaryImageOfPage":{"@id":"https:\/\/www.anovapeneira.gal\/index.php\/2023\/06\/23\/xxxi-feira-do-vino-do-rosal-2023\/#primaryimage"},"image":{"@id":"https:\/\/www.anovapeneira.gal\/index.php\/2023\/06\/23\/xxxi-feira-do-vino-do-rosal-2023\/#primaryimage"},"thumbnailUrl":"https:\/\/www.anovapeneira.gal\/wp-content\/uploads\/2023\/06\/feira-do-vino-rosal.jpg","datePublished":"2023-06-23T08:00:50+00:00","description":"Os vindeiros venres 14, s\u00e1bado 15 e domingo 16 de xullo celebrarase no concello de O Rosal, na zona de O Calvario, a 31 edici\u00f3n da Festa do Vi\u00f1o","breadcrumb":{"@id":"https:\/\/www.anovapeneira.gal\/index.php\/2023\/06\/23\/xxxi-feira-do-vino-do-rosal-2023\/#breadcrumb"},"inLanguage":"gl-ES","potentialAction":[{"@type":"ReadAction","target":["https:\/\/www.anovapeneira.gal\/index.php\/2023\/06\/23\/xxxi-feira-do-vino-do-rosal-2023\/"]}]},{"@type":"ImageObject","inLanguage":"gl-ES","@id":"https:\/\/www.anovapeneira.gal\/index.php\/2023\/06\/23\/xxxi-feira-do-vino-do-rosal-2023\/#primaryimage","url":"https:\/\/www.anovapeneira.gal\/wp-content\/uploads\/2023\/06\/feira-do-vino-rosal.jpg","contentUrl":"https:\/\/www.anovapeneira.gal\/wp-content\/uploads\/2023\/06\/feira-do-vino-rosal.jpg","width":720,"height":432,"caption":"XXXI Feira do Vi\u00f1o Do Rosal 2023."},{"@type":"BreadcrumbList","@id":"https:\/\/www.anovapeneira.gal\/index.php\/2023\/06\/23\/xxxi-feira-do-vino-do-rosal-2023\/#breadcrumb","itemListElement":[{"@type":"ListItem","position":1,"name":"Portada","item":"https:\/\/www.anovapeneira.gal\/"},{"@type":"ListItem","position":2,"name":"XXXI Feira do Vi\u00f1o Do Rosal 2023"}]},{"@type":"WebSite","@id":"https:\/\/www.anovapeneira.gal\/#website","url":"https:\/\/www.anovapeneira.gal\/","name":"","description":"Xornal galego de informaci\u00f3n xeral Publicaci\u00f3n mensual de novas de Galicia e en especial dos Concellos da sur da provincia de Pontevedra.","publisher":{"@id":"https:\/\/www.anovapeneira.gal\/#organization"},"potentialAction":[{"@type":"SearchAction","target":{"@type":"EntryPoint","urlTemplate":"https:\/\/www.anovapeneira.gal\/?s={search_term_string}"},"query-input":{"@type":"PropertyValueSpecification","valueRequired":true,"valueName":"search_term_string"}}],"inLanguage":"gl-ES"},{"@type":"Organization","@id":"https:\/\/www.anovapeneira.gal\/#organization","name":"A Nova Peneira","url":"https:\/\/www.anovapeneira.gal\/","logo":{"@type":"ImageObject","inLanguage":"gl-ES","@id":"https:\/\/www.anovapeneira.gal\/#\/schema\/logo\/image\/","url":"http:\/\/www.anovapeneira.gal\/wp-content\/uploads\/2019\/06\/logo_a_nova_peneira_portal_web.png","contentUrl":"http:\/\/www.anovapeneira.gal\/wp-content\/uploads\/2019\/06\/logo_a_nova_peneira_portal_web.png","width":300,"height":100,"caption":"A Nova Peneira"},"image":{"@id":"https:\/\/www.anovapeneira.gal\/#\/schema\/logo\/image\/"},"sameAs":["https:\/\/www.facebook.com\/anovapeneira","https:\/\/x.com\/APeneira"]},{"@type":"Person","@id":"https:\/\/www.anovapeneira.gal\/#\/schema\/person\/b93e3f8932e3f8da96334607eb6ac6aa","name":"Redacci\u00f3n A Nova Peneira","image":{"@type":"ImageObject","inLanguage":"gl-ES","@id":"https:\/\/secure.gravatar.com\/avatar\/c052a2551a06e23fac63626232eaa90abd78dbcf1700fc46a2b2c89fd27b735f?s=96&d=mm&r=g","url":"https:\/\/secure.gravatar.com\/avatar\/c052a2551a06e23fac63626232eaa90abd78dbcf1700fc46a2b2c89fd27b735f?s=96&d=mm&r=g","contentUrl":"https:\/\/secure.gravatar.com\/avatar\/c052a2551a06e23fac63626232eaa90abd78dbcf1700fc46a2b2c89fd27b735f?s=96&d=mm&r=g","caption":"Redacci\u00f3n A Nova Peneira"},"sameAs":["http:\/\/www.anovapeneira.gal\/"],"url":"https:\/\/www.anovapeneira.gal\/index.php\/author\/redactor\/"}]}},"jetpack_featured_media_url":"https:\/\/www.anovapeneira.gal\/wp-content\/uploads\/2023\/06\/feira-do-vino-rosal.jpg","_links":{"self":[{"href":"https:\/\/www.anovapeneira.gal\/index.php\/wp-json\/wp\/v2\/posts\/9980","targetHints":{"allow":["GET"]}}],"collection":[{"href":"https:\/\/www.anovapeneira.gal\/index.php\/wp-json\/wp\/v2\/posts"}],"about":[{"href":"https:\/\/www.anovapeneira.gal\/index.php\/wp-json\/wp\/v2\/types\/post"}],"author":[{"embeddable":true,"href":"https:\/\/www.anovapeneira.gal\/index.php\/wp-json\/wp\/v2\/users\/3"}],"replies":[{"embeddable":true,"href":"https:\/\/www.anovapeneira.gal\/index.php\/wp-json\/wp\/v2\/comments?post=9980"}],"version-history":[{"count":1,"href":"https:\/\/www.anovapeneira.gal\/index.php\/wp-json\/wp\/v2\/posts\/9980\/revisions"}],"predecessor-version":[{"id":9982,"href":"https:\/\/www.anovapeneira.gal\/index.php\/wp-json\/wp\/v2\/posts\/9980\/revisions\/9982"}],"wp:featuredmedia":[{"embeddable":true,"href":"https:\/\/www.anovapeneira.gal\/index.php\/wp-json\/wp\/v2\/media\/9981"}],"wp:attachment":[{"href":"https:\/\/www.anovapeneira.gal\/index.php\/wp-json\/wp\/v2\/media?parent=9980"}],"wp:term":[{"taxonomy":"category","embeddable":true,"href":"https:\/\/www.anovapeneira.gal\/index.php\/wp-json\/wp\/v2\/categories?post=9980"},{"taxonomy":"post_tag","embeddable":true,"href":"https:\/\/www.anovapeneira.gal\/index.php\/wp-json\/wp\/v2\/tags?post=9980"}],"curies":[{"name":"wp","href":"https:\/\/api.w.org\/{rel}","templated":true}]}}