{"id":9983,"date":"2023-06-23T12:00:01","date_gmt":"2023-06-23T10:00:01","guid":{"rendered":"https:\/\/www.anovapeneira.gal\/?p=9983"},"modified":"2023-06-20T13:36:18","modified_gmt":"2023-06-20T11:36:18","slug":"cousas-de-salvaterra-8","status":"publish","type":"post","link":"https:\/\/www.anovapeneira.gal\/index.php\/2023\/06\/23\/cousas-de-salvaterra-8\/","title":{"rendered":"COUSAS DE SALVATERRA"},"content":{"rendered":"\n<h2 class=\"wp-block-heading\">Sentenza da Audiencia Provincial<\/h2>\n\n\n\n<figure class=\"wp-block-image size-full is-resized\"><img loading=\"lazy\" decoding=\"async\" src=\"https:\/\/www.anovapeneira.gal\/wp-content\/uploads\/2020\/10\/anton_lorenzo_gonzalez_xaque.jpg\" alt=\"Ant\u00f3n Lorenzo Gonz\u00e1lez Saque\" class=\"wp-image-4073\" width=\"95\" height=\"115\"\/><\/figure>\n\n\n\n<pre class=\"wp-block-verse\">Ant\u00f3n \u201cXaque\u201d, veci\u00f1o da Vila<\/pre>\n\n\n\n<p>A actualidade imponse, e non vou falar de pol\u00edtica extricto sensu, que para iso xa hai de sobra quen o faga. Hoxe vou falar sobre unha sentenza moi importante que afecta o monte comunal VECI\u00d1AL Chan da Ponte de Salvaterra, \u00f3 tempo que, sendo eu o presidente da Comunidade de montes veci\u00f1ais desta parroquia, diso sei bastante.<\/p>\n\n\n\n<p>A sentenza \u00e9 de finais de abril, pero non saiu a luz at\u00e9 d\u00edas antes das elecci\u00f3ns e, d\u00edas despois, foi publicada a noticia no Faro de Vigo o 31 de maio. Ven a decir que a Xustiza declara comunal VECI\u00d1AL unha parcela, en mans do Concello, que pertence a un todo chamado Chan da Ponte, dunhas 38 hect\u00e1reas, \u00e9 decir, 380.000 m<sup>2<\/sup><\/p>\n\n\n\n<p>En consecuencia, a Audiencia Provincial declara propiedade da Comunidade de Montes de Salvaterra, unha parcela de preto dunha hect\u00e1rea ubicada na parte sudeste de Chan da Ponte, monte onde tam\u00e9n se ubica o pol\u00edgono industrial dese nome. A mesma condea o Concello de Salvaterra a absterse de facer calqueira acto posesorio ou de disposici\u00f3n sobre dito terreo e ordea a cancelaci\u00f3n da inscripci\u00f3n desa parcela no Rexistro da Propiedade a nome do Concello.<\/p>\n\n\n\n<p>De momento a sentenza est\u00e1 recurrida en casaci\u00f3n polo Concello, mentras na Comunidade solicitamos a execuci\u00f3n da mesma para asegurar o seu mandato en t\u00f3dolos termos.<\/p>\n\n\n\n<p>Hai que lembrar que nunha primeira instancia, en Ponteareas, fallaron contra a Comunidade, algo a priori impensable a xulgar pola morea de documentaci\u00f3n que avala a nosa tesis, isto \u00e9, un informe hist\u00f3rico da zona levado a cabo polo competente documentalista Don Gregorio Casado, infelizmente falecido, e un informe t\u00e9cnico impecable confecionado pola enxe\u00f1eira t\u00e9cnica Dona Rita P\u00e9rez, levou o peso da demanda, admirablemente, o avogado Roberto Mera Covas.<\/p>\n\n\n\n<p>Triste e pobre pareceume o informe hist\u00f3rico, confecionado para o Concello, por un historiador experto en\u2026 arqueolox\u00eda e o informe t\u00e9cnico dun perito, tam\u00e9n para o Concello, aparente desco\u00f1ecedor do per\u00edmetro de Chan da Ponte. Lograron o seu obxectivo, crearon a cerimonia da confusi\u00f3n e a Sra. Xuiza sacou unha sentenza moi traballada de casi cuarenta p\u00e1xinas, cheas de palla, demostrando que ou ben non sab\u00eda ou non quixo saber de montes comunales VECI\u00d1AIS. Recurrida esta sentenza \u00e1 Audiencia provincial, en segunda instancia o fallo foi favorable, endereitando a desfeita da primeira.<\/p>\n\n\n\n<figure class=\"wp-block-image size-large\"><img loading=\"lazy\" decoding=\"async\" width=\"914\" height=\"1024\" src=\"https:\/\/www.anovapeneira.gal\/wp-content\/uploads\/2023\/06\/salvaterra-914x1024.jpg\" alt=\"MAPA CATASTRO 58, CONCELLO SALVATERRA DE MIN\u0303O, CHAN DA PONTE\" class=\"wp-image-9986\" srcset=\"https:\/\/www.anovapeneira.gal\/wp-content\/uploads\/2023\/06\/salvaterra-914x1024.jpg 914w, https:\/\/www.anovapeneira.gal\/wp-content\/uploads\/2023\/06\/salvaterra-268x300.jpg 268w, https:\/\/www.anovapeneira.gal\/wp-content\/uploads\/2023\/06\/salvaterra-768x860.jpg 768w, https:\/\/www.anovapeneira.gal\/wp-content\/uploads\/2023\/06\/salvaterra-1371x1536.jpg 1371w, https:\/\/www.anovapeneira.gal\/wp-content\/uploads\/2023\/06\/salvaterra-1828x2048.jpg 1828w\" sizes=\"auto, (max-width: 914px) 100vw, 914px\" \/><\/figure>\n\n\n\n<p>Facendo un pouco de memoria, hai que decir que os Comuneiros xa fai ben anos que vimos reclamando a propiedade dese e doutros montes. No caso que nos ocupa fora un empresario da vila chamado Amadeo Lemos, quen xa nos anos noventa intentara sen \u00e9xito protexer Chan da Ponte das gadoupas especuladoras, a mentira e o engano impux\u00e9ronse. Pasados alg\u00fans anos, un grupo de xente xoven intentou o mesmo, movilizaron a un notario e contaron con un importante bufete de avogados especializados. Mand\u00e1ronlle sendos burofaxes de advertencia \u00f3 Concello e \u00f3s empresarios, deixando clara a condici\u00f3n de VECI\u00d1AL do monte, pero curiosamente, de xeito un tanto oscuro, ese movimento foi, digamos, neutralizado. Os que levamos a cousa actualmente, con lentitude pero dando pasos certos, seguros e firmes, estamos avalados por multitude de documentos que abrumadoramente nos dan a raz\u00f3n.<\/p>\n\n\n\n<p>Temos documentados os montes no famoso Catastro del Marqu\u00e9s de la Ensenada de 1752, temos o chamado documento de Excepci\u00f3n de Vendas de 1861. Neste caso, igual que no anterior, f\u00e1lanos dos extremeiros, dos ventos, da cabida e de quen son propietarios os montes, \u201cLOS VECINOS DE LA PARROQUIA\u201d, e dende cando, \u201cPOSESI\u00d3N INMEMORIAL\u201d. Este documento consta dunhas 630 p\u00e1xinas, coas descripci\u00f3ns dos montes e as declaraci\u00f3ns dos alcaldes ped\u00e1neos das distintas parroquias, formalizado ante o Notario Jos\u00e9 Ram\u00f3n Bugallal en Ponteareas e sinado polo Alcalde, Antonio Gonz\u00e1lez Sarmiento e os ped\u00e1neos.<\/p>\n\n\n\n<p>Por certo que leva incluidas parroquias que na actualidade non pertenecen o concello de Salvaterra de Mi\u00f1o, nese documento est\u00e1n rexistrados montes de parroquias que hoxe pertencen \u00f3s concellos das Neves e de Ponteareas.<\/p>\n\n\n\n<p>Nos anos cinconta, atop\u00e1monos con un se\u00f1or moi antip\u00e1tico que mandou no estado espa\u00f1ol durante cuarenta anos, e os seus amigos aproveitaron para inscribir os montes dos VECI\u00d1OS a nome dos Concellos nos Rexistros da Propiedade. E esa \u00e9 a disculpa para que, anos m\u00e1is tarde, os vendan por parcelas, enganen os empresarios, e non pase nada.<\/p>\n\n\n\n<p>Pero eu preg\u00fantome, qu\u00e9 foi o que inscribiron no Rexistro?, montes comunales?, rep\u00f3ndome, s\u00ed comunales, volto a preguntarme, pero que tipo de montes comunales, VECI\u00d1ALES?, e resp\u00f3ndome, s\u00ed comunales VECI\u00d1ALES. Ent\u00f3n voto man da lexislaci\u00f3n e esta d\u00ed que tanto a Lei de Bases de Rexime Local, artigo 80, coma a Lei de Montes, artigo 14, dispo\u00f1en de xeito taxante e contundente que: \u201cOs montes do dominio p\u00fablico forestal xon inalienables (<strong>non se poden vender<\/strong>), son imprescriptibles (nunca prescriben inda que lles construas enriba un hospital, caso de Montecelo), son inembargables e asemade non est\u00e1n suxeitos a tributo alg\u00fan que grave a titularidade. Todo o antedito ven a dar no mandado do artigo 132 da Constituci\u00f3n do estado espa\u00f1ol, en canto disp\u00f3n que \u201ca Lei regular\u00e1 o r\u00e9xime xur\u00eddico dos bens de dominio p\u00fablico e dos comunais, inspir\u00e1ndose nos principios de inalienabilidade, inprescriptibilidade e inembargabilidade\u2026\u201d<\/p>\n\n\n\n<p>Si se venden en contra da Lei, querse decir que o que vende, presuntamente, est\u00e1 cometendo un delito. Si \u00e9 a Administraci\u00f3n Local quen vende, asemade, estase cometendo, presuntamente, outro delito.<\/p>\n\n\n\n<p>Voltando a sentenza, na Xunta Reitora sempre tivemos vontade de chegar a acordos. O Concello no 2021 pediunos que paraliz\u00e1rmos a demanda, as\u00ed o fixemos, pasamos moitas horas para redixir un documento que sin d\u00fabida abondaba para resolver as distintas casu\u00edsticas que se presentan nese espazo Chan da Ponte, e despois de meses de traballar niso, neg\u00e1ronse a negociar, iso s\u00ed, aproveitaron o tempo para allear duas parcelas, \u00e9 decir, mentiron para ga\u00f1ar tempo e vender m\u00e1is.<\/p>\n\n\n\n<p>A resoluci\u00f3n da Audiencia provincial deixa aberta m\u00e1is doadamente a posibilidade de que a Comunidade de Montes poidamos reclamar a totalidade do monte Chan da Ponte. Si como xa se viu, somos capaces de demostrar o car\u00e1cter de VECI\u00d1AL dos terreos, estes pasar\u00edan a ser da nosa propiedade, incluso aqueles que foron vendidos polo Concello sin ser da s\u00faa propiedade.<\/p>\n\n\n\n<p>Quede clara a nosa intenci\u00f3n de seguir a folla de ruta at\u00e9 lograr a recuperaci\u00f3n do monte. Non excluimos a posibilidade de negociar e chegar a acordos que sexan satisfactorios \u00e1s partes implicadas, especialmente no que atinxe \u00f3s empresarios e \u00f3s traballadores. A Comunidade est\u00e1 aberta a dar seguridade xur\u00eddica a aqueles que compraron terreos e que queiran facer inversi\u00f3ns neles, sempre respeitando a propiedade veci\u00f1al.<\/p>\n","protected":false},"excerpt":{"rendered":"<div class=\"mh-excerpt\"><p>A actualidade imponse, e non vou falar de pol\u00edtica extricto sensu, que para iso xa hai de sobra quen o faga.  <a class=\"mh-excerpt-more\" href=\"https:\/\/www.anovapeneira.gal\/index.php\/2023\/06\/23\/cousas-de-salvaterra-8\/\" title=\"COUSAS DE SALVATERRA\">[&#8230;]<\/a><\/p>\n<\/div>","protected":false},"author":34,"featured_media":9984,"comment_status":"open","ping_status":"open","sticky":false,"template":"","format":"standard","meta":{"_exactmetrics_skip_tracking":false,"_exactmetrics_sitenote_active":false,"_exactmetrics_sitenote_note":"","_exactmetrics_sitenote_category":0,"footnotes":""},"categories":[7],"tags":[186],"class_list":{"0":"post-9983","1":"post","2":"type-post","3":"status-publish","4":"format-standard","5":"has-post-thumbnail","7":"category-artigos-de-opinion","8":"tag-concello-de-salvaterra-do-mino"},"yoast_head":"<!-- This site is optimized with the Yoast SEO plugin v27.4 - https:\/\/yoast.com\/product\/yoast-seo-wordpress\/ -->\n<title>COUSAS DE SALVATERRA -<\/title>\n<meta name=\"description\" content=\"A actualidade imponse, e non vou falar de pol\u00edtica extricto sensu, que para iso xa hai de sobra quen o faga.\" \/>\n<meta name=\"robots\" content=\"index, follow, max-snippet:-1, max-image-preview:large, max-video-preview:-1\" \/>\n<link rel=\"canonical\" href=\"https:\/\/www.anovapeneira.gal\/index.php\/2023\/06\/23\/cousas-de-salvaterra-8\/\" \/>\n<meta property=\"og:locale\" content=\"gl_ES\" \/>\n<meta property=\"og:type\" content=\"article\" \/>\n<meta property=\"og:title\" content=\"COUSAS DE SALVATERRA -\" \/>\n<meta property=\"og:description\" content=\"A actualidade imponse, e non vou falar de pol\u00edtica extricto sensu, que para iso xa hai de sobra quen o faga.\" \/>\n<meta property=\"og:url\" content=\"https:\/\/www.anovapeneira.gal\/index.php\/2023\/06\/23\/cousas-de-salvaterra-8\/\" \/>\n<meta property=\"article:publisher\" content=\"https:\/\/www.facebook.com\/anovapeneira\" \/>\n<meta property=\"article:published_time\" content=\"2023-06-23T10:00:01+00:00\" \/>\n<meta property=\"og:image\" content=\"https:\/\/www.anovapeneira.gal\/wp-content\/uploads\/2023\/06\/mapa_salvaterra.jpg\" \/>\n\t<meta property=\"og:image:width\" content=\"720\" \/>\n\t<meta property=\"og:image:height\" content=\"432\" \/>\n\t<meta property=\"og:image:type\" content=\"image\/jpeg\" \/>\n<meta name=\"author\" content=\"Ant\u00f3n Lorenzo Gonz\u00e1lez\" \/>\n<meta name=\"twitter:card\" content=\"summary_large_image\" \/>\n<meta name=\"twitter:image\" content=\"https:\/\/www.anovapeneira.gal\/wp-content\/uploads\/2023\/06\/mapa_salvaterra.jpg\" \/>\n<meta name=\"twitter:creator\" content=\"@APeneira\" \/>\n<meta name=\"twitter:site\" content=\"@APeneira\" \/>\n<meta name=\"twitter:label1\" content=\"Escrito por\" \/>\n\t<meta name=\"twitter:data1\" content=\"Ant\u00f3n Lorenzo Gonz\u00e1lez\" \/>\n\t<meta name=\"twitter:label2\" content=\"Tempo de lectura\" \/>\n\t<meta name=\"twitter:data2\" content=\"7 minutos\" \/>\n<script type=\"application\/ld+json\" class=\"yoast-schema-graph\">{\"@context\":\"https:\\\/\\\/schema.org\",\"@graph\":[{\"@type\":\"Article\",\"@id\":\"https:\\\/\\\/www.anovapeneira.gal\\\/index.php\\\/2023\\\/06\\\/23\\\/cousas-de-salvaterra-8\\\/#article\",\"isPartOf\":{\"@id\":\"https:\\\/\\\/www.anovapeneira.gal\\\/index.php\\\/2023\\\/06\\\/23\\\/cousas-de-salvaterra-8\\\/\"},\"author\":{\"name\":\"Ant\u00f3n Lorenzo Gonz\u00e1lez\",\"@id\":\"https:\\\/\\\/www.anovapeneira.gal\\\/#\\\/schema\\\/person\\\/1bf91cd240796d05b6522e3d8a6e2d8e\"},\"headline\":\"COUSAS DE SALVATERRA\",\"datePublished\":\"2023-06-23T10:00:01+00:00\",\"mainEntityOfPage\":{\"@id\":\"https:\\\/\\\/www.anovapeneira.gal\\\/index.php\\\/2023\\\/06\\\/23\\\/cousas-de-salvaterra-8\\\/\"},\"wordCount\":1163,\"commentCount\":0,\"publisher\":{\"@id\":\"https:\\\/\\\/www.anovapeneira.gal\\\/#organization\"},\"image\":{\"@id\":\"https:\\\/\\\/www.anovapeneira.gal\\\/index.php\\\/2023\\\/06\\\/23\\\/cousas-de-salvaterra-8\\\/#primaryimage\"},\"thumbnailUrl\":\"https:\\\/\\\/www.anovapeneira.gal\\\/wp-content\\\/uploads\\\/2023\\\/06\\\/mapa_salvaterra.jpg\",\"keywords\":[\"Concello de Salvaterra do Mi\u00f1o\"],\"articleSection\":[\"Artigos de opini\u00f3n\"],\"inLanguage\":\"gl-ES\",\"potentialAction\":[{\"@type\":\"CommentAction\",\"name\":\"Comment\",\"target\":[\"https:\\\/\\\/www.anovapeneira.gal\\\/index.php\\\/2023\\\/06\\\/23\\\/cousas-de-salvaterra-8\\\/#respond\"]}]},{\"@type\":\"WebPage\",\"@id\":\"https:\\\/\\\/www.anovapeneira.gal\\\/index.php\\\/2023\\\/06\\\/23\\\/cousas-de-salvaterra-8\\\/\",\"url\":\"https:\\\/\\\/www.anovapeneira.gal\\\/index.php\\\/2023\\\/06\\\/23\\\/cousas-de-salvaterra-8\\\/\",\"name\":\"COUSAS DE SALVATERRA -\",\"isPartOf\":{\"@id\":\"https:\\\/\\\/www.anovapeneira.gal\\\/#website\"},\"primaryImageOfPage\":{\"@id\":\"https:\\\/\\\/www.anovapeneira.gal\\\/index.php\\\/2023\\\/06\\\/23\\\/cousas-de-salvaterra-8\\\/#primaryimage\"},\"image\":{\"@id\":\"https:\\\/\\\/www.anovapeneira.gal\\\/index.php\\\/2023\\\/06\\\/23\\\/cousas-de-salvaterra-8\\\/#primaryimage\"},\"thumbnailUrl\":\"https:\\\/\\\/www.anovapeneira.gal\\\/wp-content\\\/uploads\\\/2023\\\/06\\\/mapa_salvaterra.jpg\",\"datePublished\":\"2023-06-23T10:00:01+00:00\",\"description\":\"A actualidade imponse, e non vou falar de pol\u00edtica extricto sensu, que para iso xa hai de sobra quen o faga.\",\"breadcrumb\":{\"@id\":\"https:\\\/\\\/www.anovapeneira.gal\\\/index.php\\\/2023\\\/06\\\/23\\\/cousas-de-salvaterra-8\\\/#breadcrumb\"},\"inLanguage\":\"gl-ES\",\"potentialAction\":[{\"@type\":\"ReadAction\",\"target\":[\"https:\\\/\\\/www.anovapeneira.gal\\\/index.php\\\/2023\\\/06\\\/23\\\/cousas-de-salvaterra-8\\\/\"]}]},{\"@type\":\"ImageObject\",\"inLanguage\":\"gl-ES\",\"@id\":\"https:\\\/\\\/www.anovapeneira.gal\\\/index.php\\\/2023\\\/06\\\/23\\\/cousas-de-salvaterra-8\\\/#primaryimage\",\"url\":\"https:\\\/\\\/www.anovapeneira.gal\\\/wp-content\\\/uploads\\\/2023\\\/06\\\/mapa_salvaterra.jpg\",\"contentUrl\":\"https:\\\/\\\/www.anovapeneira.gal\\\/wp-content\\\/uploads\\\/2023\\\/06\\\/mapa_salvaterra.jpg\",\"width\":720,\"height\":432,\"caption\":\"Mapa Salvaterra\"},{\"@type\":\"BreadcrumbList\",\"@id\":\"https:\\\/\\\/www.anovapeneira.gal\\\/index.php\\\/2023\\\/06\\\/23\\\/cousas-de-salvaterra-8\\\/#breadcrumb\",\"itemListElement\":[{\"@type\":\"ListItem\",\"position\":1,\"name\":\"Portada\",\"item\":\"https:\\\/\\\/www.anovapeneira.gal\\\/\"},{\"@type\":\"ListItem\",\"position\":2,\"name\":\"COUSAS DE SALVATERRA\"}]},{\"@type\":\"WebSite\",\"@id\":\"https:\\\/\\\/www.anovapeneira.gal\\\/#website\",\"url\":\"https:\\\/\\\/www.anovapeneira.gal\\\/\",\"name\":\"\",\"description\":\"Xornal galego de informaci\u00f3n xeral Publicaci\u00f3n mensual de novas de Galicia e en especial dos Concellos da sur da provincia de Pontevedra.\",\"publisher\":{\"@id\":\"https:\\\/\\\/www.anovapeneira.gal\\\/#organization\"},\"potentialAction\":[{\"@type\":\"SearchAction\",\"target\":{\"@type\":\"EntryPoint\",\"urlTemplate\":\"https:\\\/\\\/www.anovapeneira.gal\\\/?s={search_term_string}\"},\"query-input\":{\"@type\":\"PropertyValueSpecification\",\"valueRequired\":true,\"valueName\":\"search_term_string\"}}],\"inLanguage\":\"gl-ES\"},{\"@type\":\"Organization\",\"@id\":\"https:\\\/\\\/www.anovapeneira.gal\\\/#organization\",\"name\":\"A Nova Peneira\",\"url\":\"https:\\\/\\\/www.anovapeneira.gal\\\/\",\"logo\":{\"@type\":\"ImageObject\",\"inLanguage\":\"gl-ES\",\"@id\":\"https:\\\/\\\/www.anovapeneira.gal\\\/#\\\/schema\\\/logo\\\/image\\\/\",\"url\":\"http:\\\/\\\/www.anovapeneira.gal\\\/wp-content\\\/uploads\\\/2019\\\/06\\\/logo_a_nova_peneira_portal_web.png\",\"contentUrl\":\"http:\\\/\\\/www.anovapeneira.gal\\\/wp-content\\\/uploads\\\/2019\\\/06\\\/logo_a_nova_peneira_portal_web.png\",\"width\":300,\"height\":100,\"caption\":\"A Nova Peneira\"},\"image\":{\"@id\":\"https:\\\/\\\/www.anovapeneira.gal\\\/#\\\/schema\\\/logo\\\/image\\\/\"},\"sameAs\":[\"https:\\\/\\\/www.facebook.com\\\/anovapeneira\",\"https:\\\/\\\/x.com\\\/APeneira\"]},{\"@type\":\"Person\",\"@id\":\"https:\\\/\\\/www.anovapeneira.gal\\\/#\\\/schema\\\/person\\\/1bf91cd240796d05b6522e3d8a6e2d8e\",\"name\":\"Ant\u00f3n Lorenzo Gonz\u00e1lez\",\"image\":{\"@type\":\"ImageObject\",\"inLanguage\":\"gl-ES\",\"@id\":\"https:\\\/\\\/secure.gravatar.com\\\/avatar\\\/dcd882e8f4338e07610336943426400d525673506eb37ce59442ba704e5cc971?s=96&d=mm&r=g\",\"url\":\"https:\\\/\\\/secure.gravatar.com\\\/avatar\\\/dcd882e8f4338e07610336943426400d525673506eb37ce59442ba704e5cc971?s=96&d=mm&r=g\",\"contentUrl\":\"https:\\\/\\\/secure.gravatar.com\\\/avatar\\\/dcd882e8f4338e07610336943426400d525673506eb37ce59442ba704e5cc971?s=96&d=mm&r=g\",\"caption\":\"Ant\u00f3n Lorenzo Gonz\u00e1lez\"},\"url\":\"https:\\\/\\\/www.anovapeneira.gal\\\/index.php\\\/author\\\/xaque\\\/\"}]}<\/script>\n<!-- \/ Yoast SEO plugin. -->","yoast_head_json":{"title":"COUSAS DE SALVATERRA -","description":"A actualidade imponse, e non vou falar de pol\u00edtica extricto sensu, que para iso xa hai de sobra quen o faga.","robots":{"index":"index","follow":"follow","max-snippet":"max-snippet:-1","max-image-preview":"max-image-preview:large","max-video-preview":"max-video-preview:-1"},"canonical":"https:\/\/www.anovapeneira.gal\/index.php\/2023\/06\/23\/cousas-de-salvaterra-8\/","og_locale":"gl_ES","og_type":"article","og_title":"COUSAS DE SALVATERRA -","og_description":"A actualidade imponse, e non vou falar de pol\u00edtica extricto sensu, que para iso xa hai de sobra quen o faga.","og_url":"https:\/\/www.anovapeneira.gal\/index.php\/2023\/06\/23\/cousas-de-salvaterra-8\/","article_publisher":"https:\/\/www.facebook.com\/anovapeneira","article_published_time":"2023-06-23T10:00:01+00:00","og_image":[{"width":720,"height":432,"url":"https:\/\/www.anovapeneira.gal\/wp-content\/uploads\/2023\/06\/mapa_salvaterra.jpg","type":"image\/jpeg"}],"author":"Ant\u00f3n Lorenzo Gonz\u00e1lez","twitter_card":"summary_large_image","twitter_image":"https:\/\/www.anovapeneira.gal\/wp-content\/uploads\/2023\/06\/mapa_salvaterra.jpg","twitter_creator":"@APeneira","twitter_site":"@APeneira","twitter_misc":{"Escrito por":"Ant\u00f3n Lorenzo Gonz\u00e1lez","Tempo de lectura":"7 minutos"},"schema":{"@context":"https:\/\/schema.org","@graph":[{"@type":"Article","@id":"https:\/\/www.anovapeneira.gal\/index.php\/2023\/06\/23\/cousas-de-salvaterra-8\/#article","isPartOf":{"@id":"https:\/\/www.anovapeneira.gal\/index.php\/2023\/06\/23\/cousas-de-salvaterra-8\/"},"author":{"name":"Ant\u00f3n Lorenzo Gonz\u00e1lez","@id":"https:\/\/www.anovapeneira.gal\/#\/schema\/person\/1bf91cd240796d05b6522e3d8a6e2d8e"},"headline":"COUSAS DE SALVATERRA","datePublished":"2023-06-23T10:00:01+00:00","mainEntityOfPage":{"@id":"https:\/\/www.anovapeneira.gal\/index.php\/2023\/06\/23\/cousas-de-salvaterra-8\/"},"wordCount":1163,"commentCount":0,"publisher":{"@id":"https:\/\/www.anovapeneira.gal\/#organization"},"image":{"@id":"https:\/\/www.anovapeneira.gal\/index.php\/2023\/06\/23\/cousas-de-salvaterra-8\/#primaryimage"},"thumbnailUrl":"https:\/\/www.anovapeneira.gal\/wp-content\/uploads\/2023\/06\/mapa_salvaterra.jpg","keywords":["Concello de Salvaterra do Mi\u00f1o"],"articleSection":["Artigos de opini\u00f3n"],"inLanguage":"gl-ES","potentialAction":[{"@type":"CommentAction","name":"Comment","target":["https:\/\/www.anovapeneira.gal\/index.php\/2023\/06\/23\/cousas-de-salvaterra-8\/#respond"]}]},{"@type":"WebPage","@id":"https:\/\/www.anovapeneira.gal\/index.php\/2023\/06\/23\/cousas-de-salvaterra-8\/","url":"https:\/\/www.anovapeneira.gal\/index.php\/2023\/06\/23\/cousas-de-salvaterra-8\/","name":"COUSAS DE SALVATERRA -","isPartOf":{"@id":"https:\/\/www.anovapeneira.gal\/#website"},"primaryImageOfPage":{"@id":"https:\/\/www.anovapeneira.gal\/index.php\/2023\/06\/23\/cousas-de-salvaterra-8\/#primaryimage"},"image":{"@id":"https:\/\/www.anovapeneira.gal\/index.php\/2023\/06\/23\/cousas-de-salvaterra-8\/#primaryimage"},"thumbnailUrl":"https:\/\/www.anovapeneira.gal\/wp-content\/uploads\/2023\/06\/mapa_salvaterra.jpg","datePublished":"2023-06-23T10:00:01+00:00","description":"A actualidade imponse, e non vou falar de pol\u00edtica extricto sensu, que para iso xa hai de sobra quen o faga.","breadcrumb":{"@id":"https:\/\/www.anovapeneira.gal\/index.php\/2023\/06\/23\/cousas-de-salvaterra-8\/#breadcrumb"},"inLanguage":"gl-ES","potentialAction":[{"@type":"ReadAction","target":["https:\/\/www.anovapeneira.gal\/index.php\/2023\/06\/23\/cousas-de-salvaterra-8\/"]}]},{"@type":"ImageObject","inLanguage":"gl-ES","@id":"https:\/\/www.anovapeneira.gal\/index.php\/2023\/06\/23\/cousas-de-salvaterra-8\/#primaryimage","url":"https:\/\/www.anovapeneira.gal\/wp-content\/uploads\/2023\/06\/mapa_salvaterra.jpg","contentUrl":"https:\/\/www.anovapeneira.gal\/wp-content\/uploads\/2023\/06\/mapa_salvaterra.jpg","width":720,"height":432,"caption":"Mapa Salvaterra"},{"@type":"BreadcrumbList","@id":"https:\/\/www.anovapeneira.gal\/index.php\/2023\/06\/23\/cousas-de-salvaterra-8\/#breadcrumb","itemListElement":[{"@type":"ListItem","position":1,"name":"Portada","item":"https:\/\/www.anovapeneira.gal\/"},{"@type":"ListItem","position":2,"name":"COUSAS DE SALVATERRA"}]},{"@type":"WebSite","@id":"https:\/\/www.anovapeneira.gal\/#website","url":"https:\/\/www.anovapeneira.gal\/","name":"","description":"Xornal galego de informaci\u00f3n xeral Publicaci\u00f3n mensual de novas de Galicia e en especial dos Concellos da sur da provincia de Pontevedra.","publisher":{"@id":"https:\/\/www.anovapeneira.gal\/#organization"},"potentialAction":[{"@type":"SearchAction","target":{"@type":"EntryPoint","urlTemplate":"https:\/\/www.anovapeneira.gal\/?s={search_term_string}"},"query-input":{"@type":"PropertyValueSpecification","valueRequired":true,"valueName":"search_term_string"}}],"inLanguage":"gl-ES"},{"@type":"Organization","@id":"https:\/\/www.anovapeneira.gal\/#organization","name":"A Nova Peneira","url":"https:\/\/www.anovapeneira.gal\/","logo":{"@type":"ImageObject","inLanguage":"gl-ES","@id":"https:\/\/www.anovapeneira.gal\/#\/schema\/logo\/image\/","url":"http:\/\/www.anovapeneira.gal\/wp-content\/uploads\/2019\/06\/logo_a_nova_peneira_portal_web.png","contentUrl":"http:\/\/www.anovapeneira.gal\/wp-content\/uploads\/2019\/06\/logo_a_nova_peneira_portal_web.png","width":300,"height":100,"caption":"A Nova Peneira"},"image":{"@id":"https:\/\/www.anovapeneira.gal\/#\/schema\/logo\/image\/"},"sameAs":["https:\/\/www.facebook.com\/anovapeneira","https:\/\/x.com\/APeneira"]},{"@type":"Person","@id":"https:\/\/www.anovapeneira.gal\/#\/schema\/person\/1bf91cd240796d05b6522e3d8a6e2d8e","name":"Ant\u00f3n Lorenzo Gonz\u00e1lez","image":{"@type":"ImageObject","inLanguage":"gl-ES","@id":"https:\/\/secure.gravatar.com\/avatar\/dcd882e8f4338e07610336943426400d525673506eb37ce59442ba704e5cc971?s=96&d=mm&r=g","url":"https:\/\/secure.gravatar.com\/avatar\/dcd882e8f4338e07610336943426400d525673506eb37ce59442ba704e5cc971?s=96&d=mm&r=g","contentUrl":"https:\/\/secure.gravatar.com\/avatar\/dcd882e8f4338e07610336943426400d525673506eb37ce59442ba704e5cc971?s=96&d=mm&r=g","caption":"Ant\u00f3n Lorenzo Gonz\u00e1lez"},"url":"https:\/\/www.anovapeneira.gal\/index.php\/author\/xaque\/"}]}},"jetpack_featured_media_url":"https:\/\/www.anovapeneira.gal\/wp-content\/uploads\/2023\/06\/mapa_salvaterra.jpg","_links":{"self":[{"href":"https:\/\/www.anovapeneira.gal\/index.php\/wp-json\/wp\/v2\/posts\/9983","targetHints":{"allow":["GET"]}}],"collection":[{"href":"https:\/\/www.anovapeneira.gal\/index.php\/wp-json\/wp\/v2\/posts"}],"about":[{"href":"https:\/\/www.anovapeneira.gal\/index.php\/wp-json\/wp\/v2\/types\/post"}],"author":[{"embeddable":true,"href":"https:\/\/www.anovapeneira.gal\/index.php\/wp-json\/wp\/v2\/users\/34"}],"replies":[{"embeddable":true,"href":"https:\/\/www.anovapeneira.gal\/index.php\/wp-json\/wp\/v2\/comments?post=9983"}],"version-history":[{"count":3,"href":"https:\/\/www.anovapeneira.gal\/index.php\/wp-json\/wp\/v2\/posts\/9983\/revisions"}],"predecessor-version":[{"id":9989,"href":"https:\/\/www.anovapeneira.gal\/index.php\/wp-json\/wp\/v2\/posts\/9983\/revisions\/9989"}],"wp:featuredmedia":[{"embeddable":true,"href":"https:\/\/www.anovapeneira.gal\/index.php\/wp-json\/wp\/v2\/media\/9984"}],"wp:attachment":[{"href":"https:\/\/www.anovapeneira.gal\/index.php\/wp-json\/wp\/v2\/media?parent=9983"}],"wp:term":[{"taxonomy":"category","embeddable":true,"href":"https:\/\/www.anovapeneira.gal\/index.php\/wp-json\/wp\/v2\/categories?post=9983"},{"taxonomy":"post_tag","embeddable":true,"href":"https:\/\/www.anovapeneira.gal\/index.php\/wp-json\/wp\/v2\/tags?post=9983"}],"curies":[{"name":"wp","href":"https:\/\/api.w.org\/{rel}","templated":true}]}}