{"id":9998,"date":"2023-06-27T10:00:10","date_gmt":"2023-06-27T08:00:10","guid":{"rendered":"https:\/\/www.anovapeneira.gal\/?p=9998"},"modified":"2023-06-26T12:38:27","modified_gmt":"2023-06-26T10:38:27","slug":"daniel-castro-presenta-en-lugo-coa-secretaria-xeral-de-galiza-nova-a-campana-que-levara-por-todo-o-pais-a-mensaxe-do-bng-e-galiza-nova","status":"publish","type":"post","link":"https:\/\/www.anovapeneira.gal\/index.php\/2023\/06\/27\/daniel-castro-presenta-en-lugo-coa-secretaria-xeral-de-galiza-nova-a-campana-que-levara-por-todo-o-pais-a-mensaxe-do-bng-e-galiza-nova\/","title":{"rendered":"Daniel Castro presenta en Lugo, coa secretaria xeral de Galiza Nova, a campa\u00f1a que levar\u00e1 por todo o pa\u00eds a mensaxe do BNG e Galiza Nova"},"content":{"rendered":"\n<h2 class=\"wp-block-heading\">&#8220;Levaremos por toda Galiza o traballo feito por Nestor Rego no congreso en Madrid fundamental para todo o pa\u00eds\u201d dixo Daniel Castro<\/h2>\n\n\n\n<h2 class=\"wp-block-heading\">A Secretaria Xeral de Galiza Nova, Marta G\u00f3mez, citou o papel da mocidade como &#8220;fundamental&#8221; para o desenvolvemento do pa\u00eds<\/h2>\n\n\n\n<p>Lugo, 24 de xu\u00f1o de 2023. O cabeza de lista do BNG ao Congreso por Lugo, Daniel Castro, presentou xunto coa secretaria xeral de Galiza Nova, Marta G\u00f3mez, a campa\u00f1a que levar\u00e1 por toda Galiza a mensaxe do BNG e de Galiza Nova. Unha furgoneta, xunto con unha mesa informativa, perocorrer\u00e1 as diferentes localidades do pa\u00eds e visitar\u00e1 as principais vilas e cidades. A viaxe chegou a Lugo cando se celebra na cidade a festa do Arde Lucus. Estiveron presentes as e os concelleiros do goberno de Lugo encabezados polo Tenente Alcalde, Rub\u00e9n Arroxo, parlamentarias galegas como Olalla Rodil e futuros representantes na Deputaci\u00f3n como a edil de Castroverde Iria Castro. Tam\u00e9n acudiron ao acto cargos org\u00e1nicos do BNG e Galiza Nova.<\/p>\n\n\n\n<p>Marta G\u00f3mez dixo que &#8220;a mocidade xogase o seu futuro nestas elecci\u00f3ns xerais e o BNG \u00e9 a forza que mellor representa os intereses da mocidade galega&#8221; e engadiu que &#8220;o BNG ten en conta \u00e1s mozas e mozos \u00e1 hora de formar as s\u00faas candidaturas para darlles presenza nas instituci\u00f3ns e que tom\u00e9n as rendas do seu futuro&#8221;. A secretaria xeral de Galiza Nova falou do &#8220;orgullo que sup\u00f3n que unha persoa nova encabece a candidatura por Lugo e que sexa Dani Castro a persoa que levar\u00e1 a Madrid os problemas das galegas e galegos depois do &#8220;<\/p>\n\n\n\n<p>Pola s\u00faa banda Daniel Castro afirmou que \u201cpara a mocidade \u00e9 fundamental unha vivenda digna a un prezo aceitable e un transporte eficaz e propio deste s\u00e9culo\u201d e engadiu \u201cser\u00e1n fundamentais as pol\u00edticas a desenvolver dende a administraci\u00f3n central para que a mocidade poida desenvolver a s\u00faa vida sen ter que emigrar por que todos e todas queremos facer a nosa vida no lugar onde nacemos&#8221;.<\/p>\n\n\n\n<figure class=\"wp-block-audio\"><audio controls src=\"https:\/\/www.anovapeneira.gal\/wp-content\/uploads\/2023\/06\/230624_BNG-Daniel-Castro-Lugo-caravana-GZN.mp3\"><\/audio><\/figure>\n","protected":false},"excerpt":{"rendered":"<div class=\"mh-excerpt\"><p>&#8220;Levaremos por toda Galiza o traballo feito por Nestor Rego no congreso en Madrid fundamental para todo o pa\u00eds\u201d dixo Daniel Castro <a class=\"mh-excerpt-more\" href=\"https:\/\/www.anovapeneira.gal\/index.php\/2023\/06\/27\/daniel-castro-presenta-en-lugo-coa-secretaria-xeral-de-galiza-nova-a-campana-que-levara-por-todo-o-pais-a-mensaxe-do-bng-e-galiza-nova\/\" title=\"Daniel Castro presenta en Lugo, coa secretaria xeral de Galiza Nova, a campa\u00f1a que levar\u00e1 por todo o pa\u00eds a mensaxe do BNG e Galiza Nova\">[&#8230;]<\/a><\/p>\n<\/div>","protected":false},"author":3,"featured_media":10000,"comment_status":"open","ping_status":"open","sticky":false,"template":"","format":"standard","meta":{"_exactmetrics_skip_tracking":false,"_exactmetrics_sitenote_active":false,"_exactmetrics_sitenote_note":"","_exactmetrics_sitenote_category":0,"footnotes":""},"categories":[263],"tags":[10],"class_list":{"0":"post-9998","1":"post","2":"type-post","3":"status-publish","4":"format-standard","5":"has-post-thumbnail","7":"category-novas","8":"tag-bng"},"yoast_head":"<!-- This site is optimized with the Yoast SEO plugin v27.4 - https:\/\/yoast.com\/product\/yoast-seo-wordpress\/ -->\n<title>Daniel Castro presenta en Lugo, coa secretaria xeral de Galiza Nova, a campa\u00f1a que levar\u00e1 por todo o pa\u00eds a mensaxe do BNG e Galiza Nova -<\/title>\n<meta name=\"description\" content=\"&quot;Levaremos por toda Galiza o traballo feito por Nestor Rego no congreso en Madrid fundamental para todo o pa\u00eds\u201d dixo Daniel Castro\" \/>\n<meta name=\"robots\" content=\"index, follow, max-snippet:-1, max-image-preview:large, max-video-preview:-1\" \/>\n<link rel=\"canonical\" href=\"https:\/\/www.anovapeneira.gal\/index.php\/2023\/06\/27\/daniel-castro-presenta-en-lugo-coa-secretaria-xeral-de-galiza-nova-a-campana-que-levara-por-todo-o-pais-a-mensaxe-do-bng-e-galiza-nova\/\" \/>\n<meta property=\"og:locale\" content=\"gl_ES\" \/>\n<meta property=\"og:type\" content=\"article\" \/>\n<meta property=\"og:title\" content=\"Daniel Castro presenta en Lugo, coa secretaria xeral de Galiza Nova, a campa\u00f1a que levar\u00e1 por todo o pa\u00eds a mensaxe do BNG e Galiza Nova -\" \/>\n<meta property=\"og:description\" content=\"&quot;Levaremos por toda Galiza o traballo feito por Nestor Rego no congreso en Madrid fundamental para todo o pa\u00eds\u201d dixo Daniel Castro\" \/>\n<meta property=\"og:url\" content=\"https:\/\/www.anovapeneira.gal\/index.php\/2023\/06\/27\/daniel-castro-presenta-en-lugo-coa-secretaria-xeral-de-galiza-nova-a-campana-que-levara-por-todo-o-pais-a-mensaxe-do-bng-e-galiza-nova\/\" \/>\n<meta property=\"article:publisher\" content=\"https:\/\/www.facebook.com\/anovapeneira\" \/>\n<meta property=\"article:published_time\" content=\"2023-06-27T08:00:10+00:00\" \/>\n<meta property=\"og:image\" content=\"https:\/\/www.anovapeneira.gal\/wp-content\/uploads\/2023\/06\/galiza_nova.jpg\" \/>\n\t<meta property=\"og:image:width\" content=\"720\" \/>\n\t<meta property=\"og:image:height\" content=\"432\" \/>\n\t<meta property=\"og:image:type\" content=\"image\/jpeg\" \/>\n<meta name=\"author\" content=\"Redacci\u00f3n A Nova Peneira\" \/>\n<meta name=\"twitter:card\" content=\"summary_large_image\" \/>\n<meta name=\"twitter:creator\" content=\"@APeneira\" \/>\n<meta name=\"twitter:site\" content=\"@APeneira\" \/>\n<meta name=\"twitter:label1\" content=\"Escrito por\" \/>\n\t<meta name=\"twitter:data1\" content=\"Redacci\u00f3n A Nova Peneira\" \/>\n\t<meta name=\"twitter:label2\" content=\"Tempo de lectura\" \/>\n\t<meta name=\"twitter:data2\" content=\"2 minutos\" \/>\n<script type=\"application\/ld+json\" class=\"yoast-schema-graph\">{\"@context\":\"https:\\\/\\\/schema.org\",\"@graph\":[{\"@type\":\"Article\",\"@id\":\"https:\\\/\\\/www.anovapeneira.gal\\\/index.php\\\/2023\\\/06\\\/27\\\/daniel-castro-presenta-en-lugo-coa-secretaria-xeral-de-galiza-nova-a-campana-que-levara-por-todo-o-pais-a-mensaxe-do-bng-e-galiza-nova\\\/#article\",\"isPartOf\":{\"@id\":\"https:\\\/\\\/www.anovapeneira.gal\\\/index.php\\\/2023\\\/06\\\/27\\\/daniel-castro-presenta-en-lugo-coa-secretaria-xeral-de-galiza-nova-a-campana-que-levara-por-todo-o-pais-a-mensaxe-do-bng-e-galiza-nova\\\/\"},\"author\":{\"name\":\"Redacci\u00f3n A Nova Peneira\",\"@id\":\"https:\\\/\\\/www.anovapeneira.gal\\\/#\\\/schema\\\/person\\\/b93e3f8932e3f8da96334607eb6ac6aa\"},\"headline\":\"Daniel Castro presenta en Lugo, coa secretaria xeral de Galiza Nova, a campa\u00f1a que levar\u00e1 por todo o pa\u00eds a mensaxe do BNG e Galiza Nova\",\"datePublished\":\"2023-06-27T08:00:10+00:00\",\"mainEntityOfPage\":{\"@id\":\"https:\\\/\\\/www.anovapeneira.gal\\\/index.php\\\/2023\\\/06\\\/27\\\/daniel-castro-presenta-en-lugo-coa-secretaria-xeral-de-galiza-nova-a-campana-que-levara-por-todo-o-pais-a-mensaxe-do-bng-e-galiza-nova\\\/\"},\"wordCount\":374,\"commentCount\":0,\"publisher\":{\"@id\":\"https:\\\/\\\/www.anovapeneira.gal\\\/#organization\"},\"image\":{\"@id\":\"https:\\\/\\\/www.anovapeneira.gal\\\/index.php\\\/2023\\\/06\\\/27\\\/daniel-castro-presenta-en-lugo-coa-secretaria-xeral-de-galiza-nova-a-campana-que-levara-por-todo-o-pais-a-mensaxe-do-bng-e-galiza-nova\\\/#primaryimage\"},\"thumbnailUrl\":\"https:\\\/\\\/www.anovapeneira.gal\\\/wp-content\\\/uploads\\\/2023\\\/06\\\/galiza_nova.jpg\",\"keywords\":[\"BNG\"],\"articleSection\":[\"Novas\"],\"inLanguage\":\"gl-ES\",\"potentialAction\":[{\"@type\":\"CommentAction\",\"name\":\"Comment\",\"target\":[\"https:\\\/\\\/www.anovapeneira.gal\\\/index.php\\\/2023\\\/06\\\/27\\\/daniel-castro-presenta-en-lugo-coa-secretaria-xeral-de-galiza-nova-a-campana-que-levara-por-todo-o-pais-a-mensaxe-do-bng-e-galiza-nova\\\/#respond\"]}]},{\"@type\":\"WebPage\",\"@id\":\"https:\\\/\\\/www.anovapeneira.gal\\\/index.php\\\/2023\\\/06\\\/27\\\/daniel-castro-presenta-en-lugo-coa-secretaria-xeral-de-galiza-nova-a-campana-que-levara-por-todo-o-pais-a-mensaxe-do-bng-e-galiza-nova\\\/\",\"url\":\"https:\\\/\\\/www.anovapeneira.gal\\\/index.php\\\/2023\\\/06\\\/27\\\/daniel-castro-presenta-en-lugo-coa-secretaria-xeral-de-galiza-nova-a-campana-que-levara-por-todo-o-pais-a-mensaxe-do-bng-e-galiza-nova\\\/\",\"name\":\"Daniel Castro presenta en Lugo, coa secretaria xeral de Galiza Nova, a campa\u00f1a que levar\u00e1 por todo o pa\u00eds a mensaxe do BNG e Galiza Nova -\",\"isPartOf\":{\"@id\":\"https:\\\/\\\/www.anovapeneira.gal\\\/#website\"},\"primaryImageOfPage\":{\"@id\":\"https:\\\/\\\/www.anovapeneira.gal\\\/index.php\\\/2023\\\/06\\\/27\\\/daniel-castro-presenta-en-lugo-coa-secretaria-xeral-de-galiza-nova-a-campana-que-levara-por-todo-o-pais-a-mensaxe-do-bng-e-galiza-nova\\\/#primaryimage\"},\"image\":{\"@id\":\"https:\\\/\\\/www.anovapeneira.gal\\\/index.php\\\/2023\\\/06\\\/27\\\/daniel-castro-presenta-en-lugo-coa-secretaria-xeral-de-galiza-nova-a-campana-que-levara-por-todo-o-pais-a-mensaxe-do-bng-e-galiza-nova\\\/#primaryimage\"},\"thumbnailUrl\":\"https:\\\/\\\/www.anovapeneira.gal\\\/wp-content\\\/uploads\\\/2023\\\/06\\\/galiza_nova.jpg\",\"datePublished\":\"2023-06-27T08:00:10+00:00\",\"description\":\"\\\"Levaremos por toda Galiza o traballo feito por Nestor Rego no congreso en Madrid fundamental para todo o pa\u00eds\u201d dixo Daniel Castro\",\"breadcrumb\":{\"@id\":\"https:\\\/\\\/www.anovapeneira.gal\\\/index.php\\\/2023\\\/06\\\/27\\\/daniel-castro-presenta-en-lugo-coa-secretaria-xeral-de-galiza-nova-a-campana-que-levara-por-todo-o-pais-a-mensaxe-do-bng-e-galiza-nova\\\/#breadcrumb\"},\"inLanguage\":\"gl-ES\",\"potentialAction\":[{\"@type\":\"ReadAction\",\"target\":[\"https:\\\/\\\/www.anovapeneira.gal\\\/index.php\\\/2023\\\/06\\\/27\\\/daniel-castro-presenta-en-lugo-coa-secretaria-xeral-de-galiza-nova-a-campana-que-levara-por-todo-o-pais-a-mensaxe-do-bng-e-galiza-nova\\\/\"]}]},{\"@type\":\"ImageObject\",\"inLanguage\":\"gl-ES\",\"@id\":\"https:\\\/\\\/www.anovapeneira.gal\\\/index.php\\\/2023\\\/06\\\/27\\\/daniel-castro-presenta-en-lugo-coa-secretaria-xeral-de-galiza-nova-a-campana-que-levara-por-todo-o-pais-a-mensaxe-do-bng-e-galiza-nova\\\/#primaryimage\",\"url\":\"https:\\\/\\\/www.anovapeneira.gal\\\/wp-content\\\/uploads\\\/2023\\\/06\\\/galiza_nova.jpg\",\"contentUrl\":\"https:\\\/\\\/www.anovapeneira.gal\\\/wp-content\\\/uploads\\\/2023\\\/06\\\/galiza_nova.jpg\",\"width\":720,\"height\":432,\"caption\":\"Daniel Castro presenta en Lugo, coa secretaria xeral de Galiza Nova, a campa\u00f1a que levar\u00e1 por todo o pa\u00eds a mensaxe do BNG e Galiza Nova\"},{\"@type\":\"BreadcrumbList\",\"@id\":\"https:\\\/\\\/www.anovapeneira.gal\\\/index.php\\\/2023\\\/06\\\/27\\\/daniel-castro-presenta-en-lugo-coa-secretaria-xeral-de-galiza-nova-a-campana-que-levara-por-todo-o-pais-a-mensaxe-do-bng-e-galiza-nova\\\/#breadcrumb\",\"itemListElement\":[{\"@type\":\"ListItem\",\"position\":1,\"name\":\"Portada\",\"item\":\"https:\\\/\\\/www.anovapeneira.gal\\\/\"},{\"@type\":\"ListItem\",\"position\":2,\"name\":\"Daniel Castro presenta en Lugo, coa secretaria xeral de Galiza Nova, a campa\u00f1a que levar\u00e1 por todo o pa\u00eds a mensaxe do BNG e Galiza Nova\"}]},{\"@type\":\"WebSite\",\"@id\":\"https:\\\/\\\/www.anovapeneira.gal\\\/#website\",\"url\":\"https:\\\/\\\/www.anovapeneira.gal\\\/\",\"name\":\"\",\"description\":\"Xornal galego de informaci\u00f3n xeral Publicaci\u00f3n mensual de novas de Galicia e en especial dos Concellos da sur da provincia de Pontevedra.\",\"publisher\":{\"@id\":\"https:\\\/\\\/www.anovapeneira.gal\\\/#organization\"},\"potentialAction\":[{\"@type\":\"SearchAction\",\"target\":{\"@type\":\"EntryPoint\",\"urlTemplate\":\"https:\\\/\\\/www.anovapeneira.gal\\\/?s={search_term_string}\"},\"query-input\":{\"@type\":\"PropertyValueSpecification\",\"valueRequired\":true,\"valueName\":\"search_term_string\"}}],\"inLanguage\":\"gl-ES\"},{\"@type\":\"Organization\",\"@id\":\"https:\\\/\\\/www.anovapeneira.gal\\\/#organization\",\"name\":\"A Nova Peneira\",\"url\":\"https:\\\/\\\/www.anovapeneira.gal\\\/\",\"logo\":{\"@type\":\"ImageObject\",\"inLanguage\":\"gl-ES\",\"@id\":\"https:\\\/\\\/www.anovapeneira.gal\\\/#\\\/schema\\\/logo\\\/image\\\/\",\"url\":\"http:\\\/\\\/www.anovapeneira.gal\\\/wp-content\\\/uploads\\\/2019\\\/06\\\/logo_a_nova_peneira_portal_web.png\",\"contentUrl\":\"http:\\\/\\\/www.anovapeneira.gal\\\/wp-content\\\/uploads\\\/2019\\\/06\\\/logo_a_nova_peneira_portal_web.png\",\"width\":300,\"height\":100,\"caption\":\"A Nova Peneira\"},\"image\":{\"@id\":\"https:\\\/\\\/www.anovapeneira.gal\\\/#\\\/schema\\\/logo\\\/image\\\/\"},\"sameAs\":[\"https:\\\/\\\/www.facebook.com\\\/anovapeneira\",\"https:\\\/\\\/x.com\\\/APeneira\"]},{\"@type\":\"Person\",\"@id\":\"https:\\\/\\\/www.anovapeneira.gal\\\/#\\\/schema\\\/person\\\/b93e3f8932e3f8da96334607eb6ac6aa\",\"name\":\"Redacci\u00f3n A Nova Peneira\",\"image\":{\"@type\":\"ImageObject\",\"inLanguage\":\"gl-ES\",\"@id\":\"https:\\\/\\\/secure.gravatar.com\\\/avatar\\\/c052a2551a06e23fac63626232eaa90abd78dbcf1700fc46a2b2c89fd27b735f?s=96&d=mm&r=g\",\"url\":\"https:\\\/\\\/secure.gravatar.com\\\/avatar\\\/c052a2551a06e23fac63626232eaa90abd78dbcf1700fc46a2b2c89fd27b735f?s=96&d=mm&r=g\",\"contentUrl\":\"https:\\\/\\\/secure.gravatar.com\\\/avatar\\\/c052a2551a06e23fac63626232eaa90abd78dbcf1700fc46a2b2c89fd27b735f?s=96&d=mm&r=g\",\"caption\":\"Redacci\u00f3n A Nova Peneira\"},\"sameAs\":[\"http:\\\/\\\/www.anovapeneira.gal\\\/\"],\"url\":\"https:\\\/\\\/www.anovapeneira.gal\\\/index.php\\\/author\\\/redactor\\\/\"}]}<\/script>\n<!-- \/ Yoast SEO plugin. -->","yoast_head_json":{"title":"Daniel Castro presenta en Lugo, coa secretaria xeral de Galiza Nova, a campa\u00f1a que levar\u00e1 por todo o pa\u00eds a mensaxe do BNG e Galiza Nova -","description":"\"Levaremos por toda Galiza o traballo feito por Nestor Rego no congreso en Madrid fundamental para todo o pa\u00eds\u201d dixo Daniel Castro","robots":{"index":"index","follow":"follow","max-snippet":"max-snippet:-1","max-image-preview":"max-image-preview:large","max-video-preview":"max-video-preview:-1"},"canonical":"https:\/\/www.anovapeneira.gal\/index.php\/2023\/06\/27\/daniel-castro-presenta-en-lugo-coa-secretaria-xeral-de-galiza-nova-a-campana-que-levara-por-todo-o-pais-a-mensaxe-do-bng-e-galiza-nova\/","og_locale":"gl_ES","og_type":"article","og_title":"Daniel Castro presenta en Lugo, coa secretaria xeral de Galiza Nova, a campa\u00f1a que levar\u00e1 por todo o pa\u00eds a mensaxe do BNG e Galiza Nova -","og_description":"\"Levaremos por toda Galiza o traballo feito por Nestor Rego no congreso en Madrid fundamental para todo o pa\u00eds\u201d dixo Daniel Castro","og_url":"https:\/\/www.anovapeneira.gal\/index.php\/2023\/06\/27\/daniel-castro-presenta-en-lugo-coa-secretaria-xeral-de-galiza-nova-a-campana-que-levara-por-todo-o-pais-a-mensaxe-do-bng-e-galiza-nova\/","article_publisher":"https:\/\/www.facebook.com\/anovapeneira","article_published_time":"2023-06-27T08:00:10+00:00","og_image":[{"width":720,"height":432,"url":"https:\/\/www.anovapeneira.gal\/wp-content\/uploads\/2023\/06\/galiza_nova.jpg","type":"image\/jpeg"}],"author":"Redacci\u00f3n A Nova Peneira","twitter_card":"summary_large_image","twitter_creator":"@APeneira","twitter_site":"@APeneira","twitter_misc":{"Escrito por":"Redacci\u00f3n A Nova Peneira","Tempo de lectura":"2 minutos"},"schema":{"@context":"https:\/\/schema.org","@graph":[{"@type":"Article","@id":"https:\/\/www.anovapeneira.gal\/index.php\/2023\/06\/27\/daniel-castro-presenta-en-lugo-coa-secretaria-xeral-de-galiza-nova-a-campana-que-levara-por-todo-o-pais-a-mensaxe-do-bng-e-galiza-nova\/#article","isPartOf":{"@id":"https:\/\/www.anovapeneira.gal\/index.php\/2023\/06\/27\/daniel-castro-presenta-en-lugo-coa-secretaria-xeral-de-galiza-nova-a-campana-que-levara-por-todo-o-pais-a-mensaxe-do-bng-e-galiza-nova\/"},"author":{"name":"Redacci\u00f3n A Nova Peneira","@id":"https:\/\/www.anovapeneira.gal\/#\/schema\/person\/b93e3f8932e3f8da96334607eb6ac6aa"},"headline":"Daniel Castro presenta en Lugo, coa secretaria xeral de Galiza Nova, a campa\u00f1a que levar\u00e1 por todo o pa\u00eds a mensaxe do BNG e Galiza Nova","datePublished":"2023-06-27T08:00:10+00:00","mainEntityOfPage":{"@id":"https:\/\/www.anovapeneira.gal\/index.php\/2023\/06\/27\/daniel-castro-presenta-en-lugo-coa-secretaria-xeral-de-galiza-nova-a-campana-que-levara-por-todo-o-pais-a-mensaxe-do-bng-e-galiza-nova\/"},"wordCount":374,"commentCount":0,"publisher":{"@id":"https:\/\/www.anovapeneira.gal\/#organization"},"image":{"@id":"https:\/\/www.anovapeneira.gal\/index.php\/2023\/06\/27\/daniel-castro-presenta-en-lugo-coa-secretaria-xeral-de-galiza-nova-a-campana-que-levara-por-todo-o-pais-a-mensaxe-do-bng-e-galiza-nova\/#primaryimage"},"thumbnailUrl":"https:\/\/www.anovapeneira.gal\/wp-content\/uploads\/2023\/06\/galiza_nova.jpg","keywords":["BNG"],"articleSection":["Novas"],"inLanguage":"gl-ES","potentialAction":[{"@type":"CommentAction","name":"Comment","target":["https:\/\/www.anovapeneira.gal\/index.php\/2023\/06\/27\/daniel-castro-presenta-en-lugo-coa-secretaria-xeral-de-galiza-nova-a-campana-que-levara-por-todo-o-pais-a-mensaxe-do-bng-e-galiza-nova\/#respond"]}]},{"@type":"WebPage","@id":"https:\/\/www.anovapeneira.gal\/index.php\/2023\/06\/27\/daniel-castro-presenta-en-lugo-coa-secretaria-xeral-de-galiza-nova-a-campana-que-levara-por-todo-o-pais-a-mensaxe-do-bng-e-galiza-nova\/","url":"https:\/\/www.anovapeneira.gal\/index.php\/2023\/06\/27\/daniel-castro-presenta-en-lugo-coa-secretaria-xeral-de-galiza-nova-a-campana-que-levara-por-todo-o-pais-a-mensaxe-do-bng-e-galiza-nova\/","name":"Daniel Castro presenta en Lugo, coa secretaria xeral de Galiza Nova, a campa\u00f1a que levar\u00e1 por todo o pa\u00eds a mensaxe do BNG e Galiza Nova -","isPartOf":{"@id":"https:\/\/www.anovapeneira.gal\/#website"},"primaryImageOfPage":{"@id":"https:\/\/www.anovapeneira.gal\/index.php\/2023\/06\/27\/daniel-castro-presenta-en-lugo-coa-secretaria-xeral-de-galiza-nova-a-campana-que-levara-por-todo-o-pais-a-mensaxe-do-bng-e-galiza-nova\/#primaryimage"},"image":{"@id":"https:\/\/www.anovapeneira.gal\/index.php\/2023\/06\/27\/daniel-castro-presenta-en-lugo-coa-secretaria-xeral-de-galiza-nova-a-campana-que-levara-por-todo-o-pais-a-mensaxe-do-bng-e-galiza-nova\/#primaryimage"},"thumbnailUrl":"https:\/\/www.anovapeneira.gal\/wp-content\/uploads\/2023\/06\/galiza_nova.jpg","datePublished":"2023-06-27T08:00:10+00:00","description":"\"Levaremos por toda Galiza o traballo feito por Nestor Rego no congreso en Madrid fundamental para todo o pa\u00eds\u201d dixo Daniel Castro","breadcrumb":{"@id":"https:\/\/www.anovapeneira.gal\/index.php\/2023\/06\/27\/daniel-castro-presenta-en-lugo-coa-secretaria-xeral-de-galiza-nova-a-campana-que-levara-por-todo-o-pais-a-mensaxe-do-bng-e-galiza-nova\/#breadcrumb"},"inLanguage":"gl-ES","potentialAction":[{"@type":"ReadAction","target":["https:\/\/www.anovapeneira.gal\/index.php\/2023\/06\/27\/daniel-castro-presenta-en-lugo-coa-secretaria-xeral-de-galiza-nova-a-campana-que-levara-por-todo-o-pais-a-mensaxe-do-bng-e-galiza-nova\/"]}]},{"@type":"ImageObject","inLanguage":"gl-ES","@id":"https:\/\/www.anovapeneira.gal\/index.php\/2023\/06\/27\/daniel-castro-presenta-en-lugo-coa-secretaria-xeral-de-galiza-nova-a-campana-que-levara-por-todo-o-pais-a-mensaxe-do-bng-e-galiza-nova\/#primaryimage","url":"https:\/\/www.anovapeneira.gal\/wp-content\/uploads\/2023\/06\/galiza_nova.jpg","contentUrl":"https:\/\/www.anovapeneira.gal\/wp-content\/uploads\/2023\/06\/galiza_nova.jpg","width":720,"height":432,"caption":"Daniel Castro presenta en Lugo, coa secretaria xeral de Galiza Nova, a campa\u00f1a que levar\u00e1 por todo o pa\u00eds a mensaxe do BNG e Galiza Nova"},{"@type":"BreadcrumbList","@id":"https:\/\/www.anovapeneira.gal\/index.php\/2023\/06\/27\/daniel-castro-presenta-en-lugo-coa-secretaria-xeral-de-galiza-nova-a-campana-que-levara-por-todo-o-pais-a-mensaxe-do-bng-e-galiza-nova\/#breadcrumb","itemListElement":[{"@type":"ListItem","position":1,"name":"Portada","item":"https:\/\/www.anovapeneira.gal\/"},{"@type":"ListItem","position":2,"name":"Daniel Castro presenta en Lugo, coa secretaria xeral de Galiza Nova, a campa\u00f1a que levar\u00e1 por todo o pa\u00eds a mensaxe do BNG e Galiza Nova"}]},{"@type":"WebSite","@id":"https:\/\/www.anovapeneira.gal\/#website","url":"https:\/\/www.anovapeneira.gal\/","name":"","description":"Xornal galego de informaci\u00f3n xeral Publicaci\u00f3n mensual de novas de Galicia e en especial dos Concellos da sur da provincia de Pontevedra.","publisher":{"@id":"https:\/\/www.anovapeneira.gal\/#organization"},"potentialAction":[{"@type":"SearchAction","target":{"@type":"EntryPoint","urlTemplate":"https:\/\/www.anovapeneira.gal\/?s={search_term_string}"},"query-input":{"@type":"PropertyValueSpecification","valueRequired":true,"valueName":"search_term_string"}}],"inLanguage":"gl-ES"},{"@type":"Organization","@id":"https:\/\/www.anovapeneira.gal\/#organization","name":"A Nova Peneira","url":"https:\/\/www.anovapeneira.gal\/","logo":{"@type":"ImageObject","inLanguage":"gl-ES","@id":"https:\/\/www.anovapeneira.gal\/#\/schema\/logo\/image\/","url":"http:\/\/www.anovapeneira.gal\/wp-content\/uploads\/2019\/06\/logo_a_nova_peneira_portal_web.png","contentUrl":"http:\/\/www.anovapeneira.gal\/wp-content\/uploads\/2019\/06\/logo_a_nova_peneira_portal_web.png","width":300,"height":100,"caption":"A Nova Peneira"},"image":{"@id":"https:\/\/www.anovapeneira.gal\/#\/schema\/logo\/image\/"},"sameAs":["https:\/\/www.facebook.com\/anovapeneira","https:\/\/x.com\/APeneira"]},{"@type":"Person","@id":"https:\/\/www.anovapeneira.gal\/#\/schema\/person\/b93e3f8932e3f8da96334607eb6ac6aa","name":"Redacci\u00f3n A Nova Peneira","image":{"@type":"ImageObject","inLanguage":"gl-ES","@id":"https:\/\/secure.gravatar.com\/avatar\/c052a2551a06e23fac63626232eaa90abd78dbcf1700fc46a2b2c89fd27b735f?s=96&d=mm&r=g","url":"https:\/\/secure.gravatar.com\/avatar\/c052a2551a06e23fac63626232eaa90abd78dbcf1700fc46a2b2c89fd27b735f?s=96&d=mm&r=g","contentUrl":"https:\/\/secure.gravatar.com\/avatar\/c052a2551a06e23fac63626232eaa90abd78dbcf1700fc46a2b2c89fd27b735f?s=96&d=mm&r=g","caption":"Redacci\u00f3n A Nova Peneira"},"sameAs":["http:\/\/www.anovapeneira.gal\/"],"url":"https:\/\/www.anovapeneira.gal\/index.php\/author\/redactor\/"}]}},"jetpack_featured_media_url":"https:\/\/www.anovapeneira.gal\/wp-content\/uploads\/2023\/06\/galiza_nova.jpg","_links":{"self":[{"href":"https:\/\/www.anovapeneira.gal\/index.php\/wp-json\/wp\/v2\/posts\/9998","targetHints":{"allow":["GET"]}}],"collection":[{"href":"https:\/\/www.anovapeneira.gal\/index.php\/wp-json\/wp\/v2\/posts"}],"about":[{"href":"https:\/\/www.anovapeneira.gal\/index.php\/wp-json\/wp\/v2\/types\/post"}],"author":[{"embeddable":true,"href":"https:\/\/www.anovapeneira.gal\/index.php\/wp-json\/wp\/v2\/users\/3"}],"replies":[{"embeddable":true,"href":"https:\/\/www.anovapeneira.gal\/index.php\/wp-json\/wp\/v2\/comments?post=9998"}],"version-history":[{"count":2,"href":"https:\/\/www.anovapeneira.gal\/index.php\/wp-json\/wp\/v2\/posts\/9998\/revisions"}],"predecessor-version":[{"id":10002,"href":"https:\/\/www.anovapeneira.gal\/index.php\/wp-json\/wp\/v2\/posts\/9998\/revisions\/10002"}],"wp:featuredmedia":[{"embeddable":true,"href":"https:\/\/www.anovapeneira.gal\/index.php\/wp-json\/wp\/v2\/media\/10000"}],"wp:attachment":[{"href":"https:\/\/www.anovapeneira.gal\/index.php\/wp-json\/wp\/v2\/media?parent=9998"}],"wp:term":[{"taxonomy":"category","embeddable":true,"href":"https:\/\/www.anovapeneira.gal\/index.php\/wp-json\/wp\/v2\/categories?post=9998"},{"taxonomy":"post_tag","embeddable":true,"href":"https:\/\/www.anovapeneira.gal\/index.php\/wp-json\/wp\/v2\/tags?post=9998"}],"curies":[{"name":"wp","href":"https:\/\/api.w.org\/{rel}","templated":true}]}}